{"id":17064,"date":"2022-02-04T13:48:11","date_gmt":"2022-02-04T12:48:11","guid":{"rendered":"https:\/\/www.promsandweddings.se\/?p=17064"},"modified":"2026-04-15T11:38:03","modified_gmt":"2026-04-15T09:38:03","slug":"allt-du-behover-veta-om-vera-wang-bride-collection","status":"publish","type":"post","link":"https:\/\/promsandweddings.se\/da\/allt-du-behover-veta-om-vera-wang-bride-collection\/","title":{"rendered":"Alt hvad du skal vide om Vera Wang Bride Collection"},"content":{"rendered":"\n<figure class=\"wp-block-gallery has-nested-images columns-default is-cropped wp-block-gallery-1 is-layout-flex wp-block-gallery-is-layout-flex\">\n<figure class=\"wp-block-image size-large\"><img fetchpriority=\"high\" decoding=\"async\" width=\"690\" height=\"824\" data-id=\"17088\" src=\"https:\/\/promsandweddings.se\/wp-content\/uploads\/2022\/01\/vera-wang-bride-details_2x-1.png\" alt=\"\" class=\"wp-image-17088\" srcset=\"https:\/\/promsandweddings.se\/wp-content\/uploads\/2022\/01\/vera-wang-bride-details_2x-1.png 690w, https:\/\/promsandweddings.se\/wp-content\/uploads\/2022\/01\/vera-wang-bride-details_2x-1-600x717.png 600w, https:\/\/promsandweddings.se\/wp-content\/uploads\/2022\/01\/vera-wang-bride-details_2x-1-640x764.png 640w, https:\/\/promsandweddings.se\/wp-content\/uploads\/2022\/01\/vera-wang-bride-details_2x-1-400x478.png 400w, https:\/\/promsandweddings.se\/wp-content\/uploads\/2022\/01\/vera-wang-bride-details_2x-1-367x438.png 367w\" sizes=\"(max-width: 690px) 100vw, 690px\" \/><\/figure>\n\n\n\n<figure class=\"wp-block-image size-large\"><img decoding=\"async\" width=\"530\" height=\"650\" data-id=\"17081\" src=\"https:\/\/promsandweddings.se\/wp-content\/uploads\/2022\/01\/m-vera-wang-bride_2x.png\" alt=\"\" class=\"wp-image-17081\" srcset=\"https:\/\/promsandweddings.se\/wp-content\/uploads\/2022\/01\/m-vera-wang-bride_2x.png 530w, https:\/\/promsandweddings.se\/wp-content\/uploads\/2022\/01\/m-vera-wang-bride_2x-400x491.png 400w, https:\/\/promsandweddings.se\/wp-content\/uploads\/2022\/01\/m-vera-wang-bride_2x-367x450.png 367w\" sizes=\"(max-width: 530px) 100vw, 530px\" \/><\/figure>\n\n\n\n<figure class=\"wp-block-image size-large\"><img decoding=\"async\" width=\"683\" height=\"823\" data-id=\"17087\" src=\"https:\/\/promsandweddings.se\/wp-content\/uploads\/2022\/01\/vera-wang-bride-behind-the-scenes2x_1_-1.png\" alt=\"\" class=\"wp-image-17087\" srcset=\"https:\/\/promsandweddings.se\/wp-content\/uploads\/2022\/01\/vera-wang-bride-behind-the-scenes2x_1_-1.png 683w, https:\/\/promsandweddings.se\/wp-content\/uploads\/2022\/01\/vera-wang-bride-behind-the-scenes2x_1_-1-600x723.png 600w, https:\/\/promsandweddings.se\/wp-content\/uploads\/2022\/01\/vera-wang-bride-behind-the-scenes2x_1_-1-640x771.png 640w, https:\/\/promsandweddings.se\/wp-content\/uploads\/2022\/01\/vera-wang-bride-behind-the-scenes2x_1_-1-400x482.png 400w, https:\/\/promsandweddings.se\/wp-content\/uploads\/2022\/01\/vera-wang-bride-behind-the-scenes2x_1_-1-367x442.png 367w\" sizes=\"(max-width: 683px) 100vw, 683px\" \/><\/figure>\n\n\n\n<figure class=\"wp-block-image size-large\"><img loading=\"lazy\" decoding=\"async\" width=\"560\" height=\"747\" data-id=\"17086\" src=\"https:\/\/promsandweddings.se\/wp-content\/uploads\/2022\/01\/v-campanule_b-1.jpg\" alt=\"\" class=\"wp-image-17086\" srcset=\"https:\/\/promsandweddings.se\/wp-content\/uploads\/2022\/01\/v-campanule_b-1.jpg 560w, https:\/\/promsandweddings.se\/wp-content\/uploads\/2022\/01\/v-campanule_b-1-445x593.jpg 445w, https:\/\/promsandweddings.se\/wp-content\/uploads\/2022\/01\/v-campanule_b-1-400x534.jpg 400w, https:\/\/promsandweddings.se\/wp-content\/uploads\/2022\/01\/v-campanule_b-1-367x490.jpg 367w\" sizes=\"(max-width: 560px) 100vw, 560px\" \/><\/figure>\n\n\n\n<figure class=\"wp-block-image size-large\"><img loading=\"lazy\" decoding=\"async\" width=\"685\" height=\"822\" data-id=\"17089\" src=\"https:\/\/promsandweddings.se\/wp-content\/uploads\/2022\/01\/vera-wang-bride-photoshoot-22x.png\" alt=\"\" class=\"wp-image-17089\" srcset=\"https:\/\/promsandweddings.se\/wp-content\/uploads\/2022\/01\/vera-wang-bride-photoshoot-22x.png 685w, https:\/\/promsandweddings.se\/wp-content\/uploads\/2022\/01\/vera-wang-bride-photoshoot-22x-600x720.png 600w, https:\/\/promsandweddings.se\/wp-content\/uploads\/2022\/01\/vera-wang-bride-photoshoot-22x-640x768.png 640w, https:\/\/promsandweddings.se\/wp-content\/uploads\/2022\/01\/vera-wang-bride-photoshoot-22x-400x480.png 400w, https:\/\/promsandweddings.se\/wp-content\/uploads\/2022\/01\/vera-wang-bride-photoshoot-22x-367x440.png 367w\" sizes=\"(max-width: 685px) 100vw, 685px\" \/><\/figure>\n\n\n\n<figure class=\"wp-block-image size-large\"><img loading=\"lazy\" decoding=\"async\" width=\"690\" height=\"824\" data-id=\"17090\" src=\"https:\/\/promsandweddings.se\/wp-content\/uploads\/2022\/01\/vera-wang-bride-photoshoot-gallery_2x-2.png\" alt=\"\" class=\"wp-image-17090\" srcset=\"https:\/\/promsandweddings.se\/wp-content\/uploads\/2022\/01\/vera-wang-bride-photoshoot-gallery_2x-2.png 690w, https:\/\/promsandweddings.se\/wp-content\/uploads\/2022\/01\/vera-wang-bride-photoshoot-gallery_2x-2-600x717.png 600w, https:\/\/promsandweddings.se\/wp-content\/uploads\/2022\/01\/vera-wang-bride-photoshoot-gallery_2x-2-640x764.png 640w, https:\/\/promsandweddings.se\/wp-content\/uploads\/2022\/01\/vera-wang-bride-photoshoot-gallery_2x-2-400x478.png 400w, https:\/\/promsandweddings.se\/wp-content\/uploads\/2022\/01\/vera-wang-bride-photoshoot-gallery_2x-2-367x438.png 367w\" sizes=\"(max-width: 690px) 100vw, 690px\" \/><\/figure>\n<\/figure>\n\n\n\n<h2 class=\"wp-block-heading\" id=\"h-p-proms-and-weddings-r-en-av-v-ra-st-rsta-intentioner-att-st-ndigt-vara-ppna-f-r-f-r-ndringar-och-nyheter-v-rt-huvudfokus-ligger-just-p-att-kombinera-nya-trender-och-samtidigt-bevara-det-klassiska-f-r-att-n-ut-och-kunna-tillfredsst-lla-alla-olika-m-lgrupper-varje-r-ser-vi-ver-nya-samarbeten-med-potentiella-m-rken-och-leverant-rer-som-vi-tror-skulle-platsa-i-butiken-med-detta-sagt-kan-vi-nu-presentera-oss-som-stolta-terf-rs-ljare-av-vera-wang-ett-av-v-rldens-mest-k-nda-designerm-rken\"><em>P\u00e5 Proms And Weddings \u00e4r en av v\u00e5ra st\u00f6rsta intentioner att st\u00e4ndigt vara \u00f6ppna f\u00f6r f\u00f6r\u00e4ndringar och nyheter. V\u00e5rt huvudfokus ligger just p\u00e5 att kombinera nya trender och samtidigt bevara det klassiska f\u00f6r att n\u00e5 ut och kunna tillfredsst\u00e4lla alla olika m\u00e5lgrupper. Varje \u00e5r ser vi \u00f6ver nya samarbeten med potentiella m\u00e4rken och leverant\u00f6rer som vi tror skulle platsa i butiken. Med detta sagt kan vi nu presentera oss som stolta \u00e5terf\u00f6rs\u00e4ljare av Vera Wang &#8211; ett av v\u00e4rldens mest k\u00e4nda designerm\u00e4rken!<\/em><\/h2>\n\n\n\n<p>&nbsp;<\/p>\n\n\n\n<p>Vera Wang \u00e4r ett namn vi tror att dom flesta k\u00e4nner till. Hon \u00e4r en v\u00e4rldsk\u00e4nd amerikansk modedesigner, ber\u00f6md och \u00e4lskad f\u00f6r sina br\u00f6llopskreationer. Som en av v\u00e4rldens st\u00f6rsta modeikoner idag har hon kl\u00e4tt k\u00e4ndisar som<strong> Selena Gomez<\/strong>,<strong> Zendaya, Michelle Williams<\/strong>, <strong>Diane Kruger, Alicia Keys,<\/strong> <strong>Victoria Beckham, Hailey Bieber,<\/strong> <strong>Ariana Grande<\/strong> och <strong>Gwen Stefani <\/strong>inf\u00f6r r\u00f6da mattan och andra events. Designern \u00e4r k\u00e4nd f\u00f6r sin dj\u00e4rva balans av moderna m\u00f6nster som m\u00f6ter traditionell elegans i sina brudkl\u00e4nningar.<br><br><\/p>\n\n\n<div class=\"wp-block-image is-style-default\">\n<figure class=\"aligncenter size-full\"><img loading=\"lazy\" decoding=\"async\" width=\"887\" height=\"285\" src=\"https:\/\/promsandweddings.se\/wp-content\/uploads\/2022\/02\/print.png\" alt=\"\" class=\"wp-image-17136\" srcset=\"https:\/\/promsandweddings.se\/wp-content\/uploads\/2022\/02\/print.png 887w, https:\/\/promsandweddings.se\/wp-content\/uploads\/2022\/02\/print-600x193.png 600w, https:\/\/promsandweddings.se\/wp-content\/uploads\/2022\/02\/print-768x247.png 768w, https:\/\/promsandweddings.se\/wp-content\/uploads\/2022\/02\/print-640x206.png 640w, https:\/\/promsandweddings.se\/wp-content\/uploads\/2022\/02\/print-400x129.png 400w, https:\/\/promsandweddings.se\/wp-content\/uploads\/2022\/02\/print-367x118.png 367w\" sizes=\"(max-width: 887px) 100vw, 887px\" \/><\/figure>\n<\/div>\n\n\n<p><br>En kort presentation av vad vi kommer att kunna erbjuda er i butiken och vad m\u00e4rket inneb\u00e4r: Den f\u00f6rsta kollektionen fr\u00e5n Vera Wang best\u00e5r ursprungligen av 60 brudkl\u00e4ningar skapade och designade av Vera Wang och hennes n\u00e4rmsta team. Tanken \u00e4r att designerns m\u00e4rke ska finnas tillg\u00e4ngligt f\u00f6r en st\u00f6rre r\u00e4ckvidd \u00e4n vad det har gjort innan. I den nylanserade kollektionen kommer vi att se ett expanderat utbud av fler alternativ i fler prisklasser \u00e4n tidigare, med samma niv\u00e5 p\u00e5 kvalitet. <br><br><strong>Vi p\u00e5 Proms And Weddings \u00e4r v\u00e4ldigt stolta \u00f6ver att f\u00e5 representera Vera Wang och den h\u00f6ga standard som m\u00e4rket kr\u00e4ver och inneb\u00e4r. <\/strong>Vi hoppas kunna bidra med m\u00e5nga lyckade provningar, en bredare bild av m\u00e4rket och en k\u00e4nsla av att f\u00e5 testa en kl\u00e4nning man inte ens v\u00e5gat f\u00f6rest\u00e4lla sig n\u00e5gonsin f\u00e5 m\u00f6jlighet att testa, f\u00f6rr\u00e4n nu. Varmt V\u00e4lkomna, gl\u00f6m inte att boka tid p\u00e5 v\u00e5r hemsida s\u00e5 att vi kan ge dig en upplevelse vi kan vara stolta \u00f6ver!<\/p>\n\n\n<p><a href=\"https:\/\/www.facebook.com\/promsandweddings\">https:\/\/www.facebook.com\/promsandweddings<\/a><\/p>\n<p><a href=\"https:\/\/www.verawangbride.com\/\">https:\/\/www.verawangbride.com\/<\/a><\/p>\n\n\n<figure class=\"wp-block-embed is-type-wp-embed is-provider-proms-amp-weddings wp-block-embed-proms-amp-weddings\">\n<div class=\"wp-block-embed__wrapper\"><a href=\"https:\/\/promsandweddings.se\/brollopsprovning\/\">https:\/\/promsandweddings.se\/brollopsprovning\/<\/a><\/div>\n<\/figure>\n\n\n\n<div>[author_box]<\/div>\n","protected":false},"excerpt":{"rendered":"<p>P\u00e5 Proms And Weddings \u00e4r en av v\u00e5ra st\u00f6rsta intentioner att st\u00e4ndigt vara \u00f6ppna f\u00f6r f\u00f6r\u00e4ndringar och nyheter. V\u00e5rt huvudfokus ligger just p\u00e5 att kombinera nya trender och samtidigt bevara det klassiska f\u00f6r att n\u00e5 ut och kunna tillfredsst\u00e4lla alla olika m\u00e5lgrupper. Varje \u00e5r ser vi \u00f6ver nya samarbeten med potentiella m\u00e4rken och leverant\u00f6rer som [&hellip;]<\/p>\n","protected":false},"author":2,"featured_media":0,"comment_status":"closed","ping_status":"open","sticky":false,"template":"","format":"standard","meta":{"_jetpack_memberships_contains_paid_content":false,"footnotes":""},"categories":[532],"tags":[],"class_list":["post-17064","post","type-post","status-publish","format-standard","hentry","category-articles"],"featured_image_src":{"landsacpe":false,"list":false,"medium":false,"full":false},"yoast_head":"<!-- This site is optimized with the Yoast SEO plugin v27.4 - https:\/\/yoast.com\/product\/yoast-seo-wordpress\/ -->\n<title>Allt du beh\u00f6ver veta om Vera Wang Bride Collection | Blogg | Proms and Weddings<\/title>\n<meta name=\"description\" content=\"brudkl\u00e4nning-festkl\u00e4nning-br\u00f6llopskl\u00e4nning-Verawang-br\u00f6llop-2022-mode-stockholm-malm\u00f6-g\u00f6teborg-vera wang i Proms and weddings\" \/>\n<meta name=\"robots\" content=\"index, follow, max-snippet:-1, max-image-preview:large, max-video-preview:-1\" \/>\n<link rel=\"canonical\" href=\"https:\/\/promsandweddings.se\/da\/allt-du-behover-veta-om-vera-wang-bride-collection\/\" \/>\n<meta property=\"og:locale\" content=\"da_DK\" \/>\n<meta property=\"og:type\" content=\"article\" \/>\n<meta property=\"og:title\" content=\"Allt du beh\u00f6ver veta om Vera Wang Bride Collection | Blogg | Proms and Weddings\" \/>\n<meta property=\"og:description\" content=\"brudkl\u00e4nning-festkl\u00e4nning-br\u00f6llopskl\u00e4nning-Verawang-br\u00f6llop-2022-mode-stockholm-malm\u00f6-g\u00f6teborg-vera wang i Proms and weddings\" \/>\n<meta property=\"og:url\" content=\"https:\/\/promsandweddings.se\/da\/allt-du-behover-veta-om-vera-wang-bride-collection\/\" \/>\n<meta property=\"og:site_name\" content=\"Proms and Weddings\" \/>\n<meta property=\"article:publisher\" content=\"https:\/\/www.facebook.com\/promsandweddings\" \/>\n<meta property=\"article:published_time\" content=\"2022-02-04T12:48:11+00:00\" \/>\n<meta property=\"article:modified_time\" content=\"2026-04-15T09:38:03+00:00\" \/>\n<meta property=\"og:image\" content=\"https:\/\/promsandweddings.se\/wp-content\/uploads\/2022\/01\/vera-wang-bride-details_2x-1.png\" \/>\n\t<meta property=\"og:image:width\" content=\"690\" \/>\n\t<meta property=\"og:image:height\" content=\"824\" \/>\n\t<meta property=\"og:image:type\" content=\"image\/png\" \/>\n<meta name=\"author\" content=\"Ayman\" \/>\n<meta name=\"twitter:card\" content=\"summary_large_image\" \/>\n<meta name=\"twitter:creator\" content=\"@PromsWeddings\" \/>\n<meta name=\"twitter:site\" content=\"@PromsWeddings\" \/>\n<meta name=\"twitter:label1\" content=\"Skrevet af\" \/>\n\t<meta name=\"twitter:data1\" content=\"Ayman\" \/>\n\t<meta name=\"twitter:label2\" content=\"Estimeret l\u00e6setid\" \/>\n\t<meta name=\"twitter:data2\" content=\"3 minutter\" \/>\n<script type=\"application\/ld+json\" class=\"yoast-schema-graph\">{\"@context\":\"https:\\\/\\\/schema.org\",\"@graph\":[{\"@type\":\"Article\",\"@id\":\"https:\\\/\\\/promsandweddings.se\\\/allt-du-behover-veta-om-vera-wang-bride-collection\\\/#article\",\"isPartOf\":{\"@id\":\"https:\\\/\\\/promsandweddings.se\\\/allt-du-behover-veta-om-vera-wang-bride-collection\\\/\"},\"author\":{\"name\":\"Ayman\",\"@id\":\"https:\\\/\\\/promsandweddings.se\\\/#\\\/schema\\\/person\\\/6f151e5dea5eaeff16b07c5157504a41\"},\"headline\":\"Allt du beh\u00f6ver veta om Vera Wang Bride Collection\",\"datePublished\":\"2022-02-04T12:48:11+00:00\",\"dateModified\":\"2026-04-15T09:38:03+00:00\",\"mainEntityOfPage\":{\"@id\":\"https:\\\/\\\/promsandweddings.se\\\/allt-du-behover-veta-om-vera-wang-bride-collection\\\/\"},\"wordCount\":411,\"publisher\":{\"@id\":\"https:\\\/\\\/promsandweddings.se\\\/#organization\"},\"image\":{\"@id\":\"https:\\\/\\\/promsandweddings.se\\\/allt-du-behover-veta-om-vera-wang-bride-collection\\\/#primaryimage\"},\"thumbnailUrl\":\"https:\\\/\\\/promsandweddings.se\\\/wp-content\\\/uploads\\\/2022\\\/01\\\/vera-wang-bride-details_2x-1.png\",\"articleSection\":[\"Articles\"],\"inLanguage\":\"da-DK\"},{\"@type\":\"WebPage\",\"@id\":\"https:\\\/\\\/promsandweddings.se\\\/allt-du-behover-veta-om-vera-wang-bride-collection\\\/\",\"url\":\"https:\\\/\\\/promsandweddings.se\\\/allt-du-behover-veta-om-vera-wang-bride-collection\\\/\",\"name\":\"Allt du beh\u00f6ver veta om Vera Wang Bride Collection | Blogg | Proms and Weddings\",\"isPartOf\":{\"@id\":\"https:\\\/\\\/promsandweddings.se\\\/#website\"},\"primaryImageOfPage\":{\"@id\":\"https:\\\/\\\/promsandweddings.se\\\/allt-du-behover-veta-om-vera-wang-bride-collection\\\/#primaryimage\"},\"image\":{\"@id\":\"https:\\\/\\\/promsandweddings.se\\\/allt-du-behover-veta-om-vera-wang-bride-collection\\\/#primaryimage\"},\"thumbnailUrl\":\"https:\\\/\\\/promsandweddings.se\\\/wp-content\\\/uploads\\\/2022\\\/01\\\/vera-wang-bride-details_2x-1.png\",\"datePublished\":\"2022-02-04T12:48:11+00:00\",\"dateModified\":\"2026-04-15T09:38:03+00:00\",\"description\":\"brudkl\u00e4nning-festkl\u00e4nning-br\u00f6llopskl\u00e4nning-Verawang-br\u00f6llop-2022-mode-stockholm-malm\u00f6-g\u00f6teborg-vera wang i Proms and weddings\",\"breadcrumb\":{\"@id\":\"https:\\\/\\\/promsandweddings.se\\\/allt-du-behover-veta-om-vera-wang-bride-collection\\\/#breadcrumb\"},\"inLanguage\":\"da-DK\",\"potentialAction\":[{\"@type\":\"ReadAction\",\"target\":[\"https:\\\/\\\/promsandweddings.se\\\/allt-du-behover-veta-om-vera-wang-bride-collection\\\/\"]}]},{\"@type\":\"ImageObject\",\"inLanguage\":\"da-DK\",\"@id\":\"https:\\\/\\\/promsandweddings.se\\\/allt-du-behover-veta-om-vera-wang-bride-collection\\\/#primaryimage\",\"url\":\"https:\\\/\\\/promsandweddings.se\\\/wp-content\\\/uploads\\\/2022\\\/01\\\/vera-wang-bride-details_2x-1.png\",\"contentUrl\":\"https:\\\/\\\/promsandweddings.se\\\/wp-content\\\/uploads\\\/2022\\\/01\\\/vera-wang-bride-details_2x-1.png\"},{\"@type\":\"BreadcrumbList\",\"@id\":\"https:\\\/\\\/promsandweddings.se\\\/allt-du-behover-veta-om-vera-wang-bride-collection\\\/#breadcrumb\",\"itemListElement\":[{\"@type\":\"ListItem\",\"position\":1,\"name\":\"Home\",\"item\":\"https:\\\/\\\/promsandweddings.se\\\/\"},{\"@type\":\"ListItem\",\"position\":2,\"name\":\"Allt du beh\u00f6ver veta om Vera Wang Bride Collection\"}]},{\"@type\":\"WebSite\",\"@id\":\"https:\\\/\\\/promsandweddings.se\\\/#website\",\"url\":\"https:\\\/\\\/promsandweddings.se\\\/\",\"name\":\"Proms and Weddings\",\"description\":\"Hitta din dr\u00f6mkl\u00e4nning\",\"publisher\":{\"@id\":\"https:\\\/\\\/promsandweddings.se\\\/#organization\"},\"alternateName\":\"Proms & Weddings\",\"potentialAction\":[{\"@type\":\"SearchAction\",\"target\":{\"@type\":\"EntryPoint\",\"urlTemplate\":\"https:\\\/\\\/promsandweddings.se\\\/?s={search_term_string}\"},\"query-input\":{\"@type\":\"PropertyValueSpecification\",\"valueRequired\":true,\"valueName\":\"search_term_string\"}}],\"inLanguage\":\"da-DK\"},{\"@type\":\"Organization\",\"@id\":\"https:\\\/\\\/promsandweddings.se\\\/#organization\",\"name\":\"Proms & Weddings\",\"url\":\"https:\\\/\\\/promsandweddings.se\\\/\",\"logo\":{\"@type\":\"ImageObject\",\"inLanguage\":\"da-DK\",\"@id\":\"https:\\\/\\\/promsandweddings.se\\\/#\\\/schema\\\/logo\\\/image\\\/\",\"url\":\"https:\\\/\\\/promsandweddings.se\\\/wp-content\\\/uploads\\\/2026\\\/03\\\/pwlogosv-2-2.webp\",\"contentUrl\":\"https:\\\/\\\/promsandweddings.se\\\/wp-content\\\/uploads\\\/2026\\\/03\\\/pwlogosv-2-2.webp\",\"width\":556,\"height\":152,\"caption\":\"Proms & Weddings\"},\"image\":{\"@id\":\"https:\\\/\\\/promsandweddings.se\\\/#\\\/schema\\\/logo\\\/image\\\/\"},\"sameAs\":[\"https:\\\/\\\/www.facebook.com\\\/promsandweddings\",\"https:\\\/\\\/x.com\\\/PromsWeddings\",\"https:\\\/\\\/www.instagram.com\\\/promsandweddings\\\/\",\"https:\\\/\\\/www.youtube.com\\\/@promsandweddings\\\/shorts\",\"https:\\\/\\\/www.tiktok.com\\\/@promsandweddings\",\"https:\\\/\\\/se.pinterest.com\\\/promsandwedding\"]},{\"@type\":\"Person\",\"@id\":\"https:\\\/\\\/promsandweddings.se\\\/#\\\/schema\\\/person\\\/6f151e5dea5eaeff16b07c5157504a41\",\"name\":\"Ayman\",\"image\":{\"@type\":\"ImageObject\",\"inLanguage\":\"da-DK\",\"@id\":\"https:\\\/\\\/secure.gravatar.com\\\/avatar\\\/a8b2e88c50a4b068270e774e31c37b82d6d83dc15bf888bd456679d1ffc368b0?s=96&d=mm&r=g\",\"url\":\"https:\\\/\\\/secure.gravatar.com\\\/avatar\\\/a8b2e88c50a4b068270e774e31c37b82d6d83dc15bf888bd456679d1ffc368b0?s=96&d=mm&r=g\",\"contentUrl\":\"https:\\\/\\\/secure.gravatar.com\\\/avatar\\\/a8b2e88c50a4b068270e774e31c37b82d6d83dc15bf888bd456679d1ffc368b0?s=96&d=mm&r=g\",\"caption\":\"Ayman\"},\"url\":\"https:\\\/\\\/promsandweddings.se\\\/da\\\/author\\\/ayman\\\/\"}]}<\/script>\n<!-- \/ Yoast SEO plugin. -->","yoast_head_json":{"title":"Alt hvad du skal vide om Vera Wang Bride Collection | Blog | Proms and Weddings","description":"bryllupskjole-festkjole-bryllupskjole-Verawang-bryllup-2022-mode-stockholm-malm\u00f8-g\u00f6teborg-vera wang i Proms and weddings","robots":{"index":"index","follow":"follow","max-snippet":"max-snippet:-1","max-image-preview":"max-image-preview:large","max-video-preview":"max-video-preview:-1"},"canonical":"https:\/\/promsandweddings.se\/da\/allt-du-behover-veta-om-vera-wang-bride-collection\/","og_locale":"da_DK","og_type":"article","og_title":"Allt du beh\u00f6ver veta om Vera Wang Bride Collection | Blogg | Proms and Weddings","og_description":"brudkl\u00e4nning-festkl\u00e4nning-br\u00f6llopskl\u00e4nning-Verawang-br\u00f6llop-2022-mode-stockholm-malm\u00f6-g\u00f6teborg-vera wang i Proms and weddings","og_url":"https:\/\/promsandweddings.se\/da\/allt-du-behover-veta-om-vera-wang-bride-collection\/","og_site_name":"Proms and Weddings","article_publisher":"https:\/\/www.facebook.com\/promsandweddings","article_published_time":"2022-02-04T12:48:11+00:00","article_modified_time":"2026-04-15T09:38:03+00:00","og_image":[{"width":690,"height":824,"url":"https:\/\/promsandweddings.se\/wp-content\/uploads\/2022\/01\/vera-wang-bride-details_2x-1.png","type":"image\/png"}],"author":"Ayman","twitter_card":"summary_large_image","twitter_creator":"@PromsWeddings","twitter_site":"@PromsWeddings","twitter_misc":{"Skrevet af":"Ayman","Estimeret l\u00e6setid":"3 minutter"},"schema":{"@context":"https:\/\/schema.org","@graph":[{"@type":"Article","@id":"https:\/\/promsandweddings.se\/allt-du-behover-veta-om-vera-wang-bride-collection\/#article","isPartOf":{"@id":"https:\/\/promsandweddings.se\/allt-du-behover-veta-om-vera-wang-bride-collection\/"},"author":{"name":"Ayman","@id":"https:\/\/promsandweddings.se\/#\/schema\/person\/6f151e5dea5eaeff16b07c5157504a41"},"headline":"Allt du beh\u00f6ver veta om Vera Wang Bride Collection","datePublished":"2022-02-04T12:48:11+00:00","dateModified":"2026-04-15T09:38:03+00:00","mainEntityOfPage":{"@id":"https:\/\/promsandweddings.se\/allt-du-behover-veta-om-vera-wang-bride-collection\/"},"wordCount":411,"publisher":{"@id":"https:\/\/promsandweddings.se\/#organization"},"image":{"@id":"https:\/\/promsandweddings.se\/allt-du-behover-veta-om-vera-wang-bride-collection\/#primaryimage"},"thumbnailUrl":"https:\/\/promsandweddings.se\/wp-content\/uploads\/2022\/01\/vera-wang-bride-details_2x-1.png","articleSection":["Articles"],"inLanguage":"da-DK"},{"@type":"WebPage","@id":"https:\/\/promsandweddings.se\/allt-du-behover-veta-om-vera-wang-bride-collection\/","url":"https:\/\/promsandweddings.se\/allt-du-behover-veta-om-vera-wang-bride-collection\/","name":"Alt hvad du skal vide om Vera Wang Bride Collection | Blog | Proms and Weddings","isPartOf":{"@id":"https:\/\/promsandweddings.se\/#website"},"primaryImageOfPage":{"@id":"https:\/\/promsandweddings.se\/allt-du-behover-veta-om-vera-wang-bride-collection\/#primaryimage"},"image":{"@id":"https:\/\/promsandweddings.se\/allt-du-behover-veta-om-vera-wang-bride-collection\/#primaryimage"},"thumbnailUrl":"https:\/\/promsandweddings.se\/wp-content\/uploads\/2022\/01\/vera-wang-bride-details_2x-1.png","datePublished":"2022-02-04T12:48:11+00:00","dateModified":"2026-04-15T09:38:03+00:00","description":"bryllupskjole-festkjole-bryllupskjole-Verawang-bryllup-2022-mode-stockholm-malm\u00f8-g\u00f6teborg-vera wang i Proms and weddings","breadcrumb":{"@id":"https:\/\/promsandweddings.se\/allt-du-behover-veta-om-vera-wang-bride-collection\/#breadcrumb"},"inLanguage":"da-DK","potentialAction":[{"@type":"ReadAction","target":["https:\/\/promsandweddings.se\/allt-du-behover-veta-om-vera-wang-bride-collection\/"]}]},{"@type":"ImageObject","inLanguage":"da-DK","@id":"https:\/\/promsandweddings.se\/allt-du-behover-veta-om-vera-wang-bride-collection\/#primaryimage","url":"https:\/\/promsandweddings.se\/wp-content\/uploads\/2022\/01\/vera-wang-bride-details_2x-1.png","contentUrl":"https:\/\/promsandweddings.se\/wp-content\/uploads\/2022\/01\/vera-wang-bride-details_2x-1.png"},{"@type":"BreadcrumbList","@id":"https:\/\/promsandweddings.se\/allt-du-behover-veta-om-vera-wang-bride-collection\/#breadcrumb","itemListElement":[{"@type":"ListItem","position":1,"name":"Home","item":"https:\/\/promsandweddings.se\/"},{"@type":"ListItem","position":2,"name":"Allt du beh\u00f6ver veta om Vera Wang Bride Collection"}]},{"@type":"WebSite","@id":"https:\/\/promsandweddings.se\/#website","url":"https:\/\/promsandweddings.se\/","name":"Proms and Weddings","description":"Find din dr\u00f8mmekjole","publisher":{"@id":"https:\/\/promsandweddings.se\/#organization"},"alternateName":"Proms & Weddings","potentialAction":[{"@type":"SearchAction","target":{"@type":"EntryPoint","urlTemplate":"https:\/\/promsandweddings.se\/?s={search_term_string}"},"query-input":{"@type":"PropertyValueSpecification","valueRequired":true,"valueName":"search_term_string"}}],"inLanguage":"da-DK"},{"@type":"Organization","@id":"https:\/\/promsandweddings.se\/#organization","name":"Proms &amp; Weddings","url":"https:\/\/promsandweddings.se\/","logo":{"@type":"ImageObject","inLanguage":"da-DK","@id":"https:\/\/promsandweddings.se\/#\/schema\/logo\/image\/","url":"https:\/\/promsandweddings.se\/wp-content\/uploads\/2026\/03\/pwlogosv-2-2.webp","contentUrl":"https:\/\/promsandweddings.se\/wp-content\/uploads\/2026\/03\/pwlogosv-2-2.webp","width":556,"height":152,"caption":"Proms & Weddings"},"image":{"@id":"https:\/\/promsandweddings.se\/#\/schema\/logo\/image\/"},"sameAs":["https:\/\/www.facebook.com\/promsandweddings","https:\/\/x.com\/PromsWeddings","https:\/\/www.instagram.com\/promsandweddings\/","https:\/\/www.youtube.com\/@promsandweddings\/shorts","https:\/\/www.tiktok.com\/@promsandweddings","https:\/\/se.pinterest.com\/promsandwedding"]},{"@type":"Person","@id":"https:\/\/promsandweddings.se\/#\/schema\/person\/6f151e5dea5eaeff16b07c5157504a41","name":"Ayman","image":{"@type":"ImageObject","inLanguage":"da-DK","@id":"https:\/\/secure.gravatar.com\/avatar\/a8b2e88c50a4b068270e774e31c37b82d6d83dc15bf888bd456679d1ffc368b0?s=96&d=mm&r=g","url":"https:\/\/secure.gravatar.com\/avatar\/a8b2e88c50a4b068270e774e31c37b82d6d83dc15bf888bd456679d1ffc368b0?s=96&d=mm&r=g","contentUrl":"https:\/\/secure.gravatar.com\/avatar\/a8b2e88c50a4b068270e774e31c37b82d6d83dc15bf888bd456679d1ffc368b0?s=96&d=mm&r=g","caption":"Ayman"},"url":"https:\/\/promsandweddings.se\/da\/author\/ayman\/"}]}},"jetpack_featured_media_url":"","jetpack_sharing_enabled":true,"_links":{"self":[{"href":"https:\/\/promsandweddings.se\/da\/wp-json\/wp\/v2\/posts\/17064","targetHints":{"allow":["GET"]}}],"collection":[{"href":"https:\/\/promsandweddings.se\/da\/wp-json\/wp\/v2\/posts"}],"about":[{"href":"https:\/\/promsandweddings.se\/da\/wp-json\/wp\/v2\/types\/post"}],"author":[{"embeddable":true,"href":"https:\/\/promsandweddings.se\/da\/wp-json\/wp\/v2\/users\/2"}],"replies":[{"embeddable":true,"href":"https:\/\/promsandweddings.se\/da\/wp-json\/wp\/v2\/comments?post=17064"}],"version-history":[{"count":2,"href":"https:\/\/promsandweddings.se\/da\/wp-json\/wp\/v2\/posts\/17064\/revisions"}],"predecessor-version":[{"id":30364,"href":"https:\/\/promsandweddings.se\/da\/wp-json\/wp\/v2\/posts\/17064\/revisions\/30364"}],"wp:attachment":[{"href":"https:\/\/promsandweddings.se\/da\/wp-json\/wp\/v2\/media?parent=17064"}],"wp:term":[{"taxonomy":"category","embeddable":true,"href":"https:\/\/promsandweddings.se\/da\/wp-json\/wp\/v2\/categories?post=17064"},{"taxonomy":"post_tag","embeddable":true,"href":"https:\/\/promsandweddings.se\/da\/wp-json\/wp\/v2\/tags?post=17064"}],"curies":[{"name":"wp","href":"https:\/\/api.w.org\/{rel}","templated":true}]}}