{"id":17820,"date":"2022-03-26T08:36:56","date_gmt":"2022-03-26T07:36:56","guid":{"rendered":"https:\/\/www.promsandweddings.se\/?p=17820"},"modified":"2026-04-15T13:11:46","modified_gmt":"2026-04-15T11:11:46","slug":"aftonklanning-balklanning","status":"publish","type":"post","link":"https:\/\/promsandweddings.se\/da\/aftonklanning-balklanning\/","title":{"rendered":"Aftenkjole-balkjole"},"content":{"rendered":"<p class=\"s2\"><img fetchpriority=\"high\" decoding=\"async\" class=\"alignnone size-medium wp-image-17821\" src=\"https:\/\/promsandweddings.se\/wp-content\/uploads\/2022\/03\/1BB7A68A-37B0-4C93-A3E3-C3B241AF11EA-225x300.jpeg\" alt=\"Balkl\u00e4nning \" width=\"225\" height=\"300\" \/> <img decoding=\"async\" class=\"alignnone size-medium wp-image-17822\" src=\"https:\/\/promsandweddings.se\/wp-content\/uploads\/2022\/03\/4CB51BE7-BDE4-4669-ABF0-AEA4A07A92D7-233x300.jpeg\" alt=\"\" width=\"233\" height=\"300\" \/><\/p>\n<p class=\"s2\"><span class=\"s4\"><span class=\"bumpedFont15\">Proms And Weddings ligger bel\u00e4get p\u00e5 Amiralsgatan 28 och \u00e4r en av Malm\u00f6s st\u00f6rsta och mest v\u00e4lbes\u00f6kta br\u00f6llopsbutiker. Men ut\u00f6ver ett enormt sortiment av <\/span><\/span><span class=\"s3\"><span class=\"bumpedFont15\">br\u00f6llopskl\u00e4nningar<\/span><\/span><span class=\"s4\"><span class=\"bumpedFont15\"> erbjuder butiken ett minst lika stort utbud av <\/span><\/span><span class=\"s3\"><span class=\"bumpedFont15\">aftonkl\u00e4nningar<\/span><\/span><span class=\"s4\"><span class=\"bumpedFont15\">! <\/span><\/span><span class=\"s4\"><span class=\"bumpedFont15\"><br \/><\/span><\/span><span class=\"s4\"><span class=\"bumpedFont15\"><br \/><\/span><\/span><span class=\"s4\"><span class=\"bumpedFont15\">Vad har man en <\/span><\/span><span class=\"s3\"><span class=\"bumpedFont15\">aftonkl\u00e4nning<\/span><\/span><span class=\"s4\"><span class=\"bumpedFont15\"> till? <\/span><\/span><span class=\"s3\"><span class=\"bumpedFont15\">En <a href=\"https:\/\/promsandweddings.se\/produkt-kategori\/klanningar\/festklanningar\/aftonklanningar\/\">aftonkl\u00e4nning <\/a><\/span><\/span><span class=\"s4\"><span class=\"bumpedFont15\">\u00e4r en kl\u00e4nning man \u00f6kan b\u00e4ra vid lite finare tillf\u00e4llen eller tillst\u00e4llningar, d\u00e4r man beh\u00f6ver ha en lite mer elegant eller exlusiv dresscode. Detta kan till exempel vara inf\u00f6r en sittning p\u00e5 universitetet, bal, f\u00f6rlovning eller som g\u00e4st p\u00e5 ett kommande br\u00f6llop. Att inf\u00f6rskaffa sig en <\/span><\/span><span class=\"s3\"><span class=\"bumpedFont15\">aftonkl\u00e4nning<\/span><\/span><span class=\"s4\"><span class=\"bumpedFont15\"> av kvalitet \u00e4r att f\u00f6redra d\u00e5 vi i detta sammanhang ser en h\u00f6gre niv\u00e5 p\u00e5 det material, den <\/span><\/span><span class=\"s3\"><span class=\"bumpedFont15\">design<\/span><\/span><span class=\"s4\"><span class=\"bumpedFont15\"> och det arbete en <\/span><\/span><span class=\"s3\"><span class=\"bumpedFont15\">aftonkl\u00e4nning<\/span><\/span><span class=\"s4\"><span class=\"bumpedFont15\"> av h\u00f6gre kvailtet best\u00e5r av. Detta inneb\u00e4r inte att man m\u00e5ste spendera skyh\u00f6ga summor p\u00e5 k\u00e4nda <\/span><\/span><span class=\"s3\"><span class=\"bumpedFont15\">designerm\u00e4rken<\/span><\/span><span class=\"s4\"><span class=\"bumpedFont15\"> om man inte vill det utan om att f\u00e5 den k\u00e4nslan man faktskt vill uppn\u00e5 med en <\/span><\/span><span class=\"s3\"><span class=\"bumpedFont15\">aftonkl\u00e4nning. <\/span><\/span><span class=\"s4\"><span class=\"bumpedFont15\">N\u00e4r fokus ligger p\u00e5 att spara utgifter \u00e4r det l\u00e4tt att sk\u00e4ra ner p\u00e5 kl\u00e4dkostnaderna vilket \u00e4r b\u00e5de smart och effektivt i m\u00e5nga fall, men ska du handla en <\/span><\/span><span class=\"s3\"><span class=\"bumpedFont15\">aftonkl\u00e4nning <\/span><\/span><span class=\"s4\"><span class=\"bumpedFont15\">s\u00e5 investerar du i att inf\u00f6rskaffa dig en <\/span><\/span><span class=\"s3\"><span class=\"bumpedFont15\">kl\u00e4nning<\/span><\/span><span class=\"s4\"><span class=\"bumpedFont15\"> av lite h\u00f6gre kvalitet. D\u00e4rf\u00f6r har Proms And Weddings satsat p\u00e5 att kombinera h\u00f6g standard och \u00f6verkompliga priser f\u00f6r b\u00e5de <\/span><\/span><a href=\"https:\/\/promsandweddings.se\/produkt-kategori\/klanningar\/festklanningar\/\"><span class=\"s3\"><span class=\"bumpedFont15\">festkl\u00e4nningar<\/span><\/span><\/a><span class=\"s4\"><span class=\"bumpedFont15\"> och <\/span><\/span><span class=\"s3\"><span class=\"bumpedFont15\">aftonkl\u00e4nningar<\/span><\/span><span class=\"s4\"><span class=\"bumpedFont15\"> i v\u00e5r butik. Vi vill m\u00f6jligg\u00f6ra det f\u00f6r alla som \u00e4r ute efter en <\/span><\/span><span class=\"s3\"><span class=\"bumpedFont15\">festkl\u00e4nning<\/span><\/span><span class=\"s4\"><span class=\"bumpedFont15\"> av h\u00f6g kvalitet med ett \u00e5tkomligt pris. Vi arbetar med <\/span><\/span><span class=\"s3\"><span class=\"bumpedFont15\">designers<\/span><\/span> <span class=\"s5\"><span class=\"bumpedFont15\">som <\/span><\/span><span class=\"s6\"><span class=\"bumpedFont15\">Cinderella Divine, <a href=\"https:\/\/www.tarikediz.com\/en\/\">Tarek Ediz<\/a>, <a href=\"https:\/\/www.pronovias.com\/cocktail-dresses\">Pronovias<\/a>, <a href=\"https:\/\/www.jovani.com\/\">Jovani<\/a>, Catwalk Couture, <a href=\"https:\/\/mambocouture.com\/\">Mambo Couture<\/a>,<a href=\"https:\/\/teranicouture.com\/\"> Terani<\/a> och So Lady<\/span><\/span><span class=\"s4\"><span class=\"bumpedFont15\">. Dessa m\u00e4rken \u00e4r erk\u00e4nda v\u00e4rlden \u00f6ver med enorma utbud av olika stilar och modeller. Vi erbjuder <\/span><\/span><span class=\"s3\"><span class=\"bumpedFont15\">festkl\u00e4nningar och <a href=\"https:\/\/promsandweddings.se\/produkt-kategori\/klanningar\/balklanning-hitta-dromklanningen-for-din-bal-afton\/\">balkl\u00e4nningar<\/a> med l\u00e5nga armar, korta armar, \u00f6ppna ryggar eller st\u00e4ngda ryggar<\/span><\/span><span class=\"s4\"><span class=\"bumpedFont15\">. I v\u00e5r butik hittar ni allting fr\u00e5n <\/span><\/span><span class=\"s3\"><span class=\"bumpedFont15\">h\u00f6ga slitsar<\/span><\/span><span class=\"s4\"><span class=\"bumpedFont15\"> till <\/span><\/span><span class=\"s3\"><span class=\"bumpedFont15\">puffiga kjolar <\/span><\/span><span class=\"s4\"><span class=\"bumpedFont15\">f\u00f6r att anpassa den bild v\u00e5ra kunder har i huvudet n\u00e4r dom beskriver hur dom vill se ut. Det \u00e4r viktigt f\u00f6r oss att kunna erbjuda ett brett utbud mellan olika stilar som <\/span><\/span><span class=\"s3\"><span class=\"bumpedFont15\">bohemiskt, klassiskt <\/span><\/span><span class=\"s4\"><span class=\"bumpedFont15\">eller <\/span><\/span><span class=\"s3\"><span class=\"bumpedFont15\">dramatiskt <\/span><\/span><span class=\"s4\"><span class=\"bumpedFont15\">i varierade storlekar f\u00f6r alla olika kroppstyper. <\/span><\/span><\/p>\n<p class=\"s2\"><span class=\"s4\"><span class=\"bumpedFont15\"><br \/><\/span><\/span><span class=\"s4\"><span class=\"bumpedFont15\">Beh\u00f6ver du hj\u00e4lp av val vid <\/span><\/span><span class=\"s3\"><span class=\"bumpedFont15\">festkl\u00e4nning <\/span><\/span><span class=\"s4\"><span class=\"bumpedFont15\">eller <\/span><\/span><span class=\"s3\"><span class=\"bumpedFont15\">aftonkl\u00e4nning<\/span><\/span><span class=\"s4\"><span class=\"bumpedFont15\"> erbjuder vi denna service, samt tips och r\u00e5d om hur just du ska kl\u00e4 dig och vad som \u00e4r smickrande f\u00f6r din kroppstyp.<\/span><\/span><\/p>\n<p><a href=\"https:\/\/promsandweddings.se\/produkt-kategori\/klanningar\/balklanning-hitta-dromklanningen-for-din-bal-afton\/\">Festkl\u00e4nningar, balkl\u00e4nningar online, webshop | Proms &amp; Weddings<\/a><\/p>\n<p>[author_box]<\/p>\n\n\n<p><\/p>\n","protected":false},"excerpt":{"rendered":"<p>Proms And Weddings ligger bel\u00e4get p\u00e5 Amiralsgatan 28 och \u00e4r en av Malm\u00f6s st\u00f6rsta och mest v\u00e4lbes\u00f6kta br\u00f6llopsbutiker. Men ut\u00f6ver ett enormt sortiment av br\u00f6llopskl\u00e4nningar erbjuder butiken ett minst lika stort utbud av aftonkl\u00e4nningar! Vad har man en aftonkl\u00e4nning till? En aftonkl\u00e4nning \u00e4r en kl\u00e4nning man \u00f6kan b\u00e4ra vid lite finare tillf\u00e4llen eller tillst\u00e4llningar, d\u00e4r [&hellip;]<\/p>\n","protected":false},"author":2,"featured_media":0,"comment_status":"closed","ping_status":"open","sticky":false,"template":"","format":"standard","meta":{"_jetpack_memberships_contains_paid_content":false,"footnotes":""},"categories":[532],"tags":[],"class_list":["post-17820","post","type-post","status-publish","format-standard","hentry","category-articles"],"featured_image_src":{"landsacpe":false,"list":false,"medium":false,"full":false},"yoast_head":"<!-- This site is optimized with the Yoast SEO plugin v27.4 - https:\/\/yoast.com\/product\/yoast-seo-wordpress\/ -->\n<title>Aftonkl\u00e4nning-balkl\u00e4nning | Blogg | Proms and Weddings<\/title>\n<meta name=\"description\" content=\"Uppt\u00e4ck v\u00e5rt stora utbud av br\u00f6llopskl\u00e4nningar f\u00f6r din speciella dag. Bes\u00f6k Proms And Weddings i Malm\u00f6.\" \/>\n<meta name=\"robots\" content=\"index, follow, max-snippet:-1, max-image-preview:large, max-video-preview:-1\" \/>\n<link rel=\"canonical\" href=\"https:\/\/promsandweddings.se\/da\/aftonklanning-balklanning\/\" \/>\n<meta property=\"og:locale\" content=\"da_DK\" \/>\n<meta property=\"og:type\" content=\"article\" \/>\n<meta property=\"og:title\" content=\"Aftonkl\u00e4nning-balkl\u00e4nning | Blogg | Proms and Weddings\" \/>\n<meta property=\"og:description\" content=\"Uppt\u00e4ck v\u00e5rt stora utbud av br\u00f6llopskl\u00e4nningar f\u00f6r din speciella dag. Bes\u00f6k Proms And Weddings i Malm\u00f6.\" \/>\n<meta property=\"og:url\" content=\"https:\/\/promsandweddings.se\/da\/aftonklanning-balklanning\/\" \/>\n<meta property=\"og:site_name\" content=\"Proms and Weddings\" \/>\n<meta property=\"article:publisher\" content=\"https:\/\/www.facebook.com\/promsandweddings\" \/>\n<meta property=\"article:published_time\" content=\"2022-03-26T07:36:56+00:00\" \/>\n<meta property=\"article:modified_time\" content=\"2026-04-15T11:11:46+00:00\" \/>\n<meta property=\"og:image\" content=\"https:\/\/promsandweddings.se\/wp-content\/uploads\/2022\/03\/1BB7A68A-37B0-4C93-A3E3-C3B241AF11EA-scaled-1.jpeg\" \/>\n\t<meta property=\"og:image:width\" content=\"1920\" \/>\n\t<meta property=\"og:image:height\" content=\"2560\" \/>\n\t<meta property=\"og:image:type\" content=\"image\/jpeg\" \/>\n<meta name=\"author\" content=\"Ayman\" \/>\n<meta name=\"twitter:card\" content=\"summary_large_image\" \/>\n<meta name=\"twitter:creator\" content=\"@PromsWeddings\" \/>\n<meta name=\"twitter:site\" content=\"@PromsWeddings\" \/>\n<meta name=\"twitter:label1\" content=\"Skrevet af\" \/>\n\t<meta name=\"twitter:data1\" content=\"Ayman\" \/>\n\t<meta name=\"twitter:label2\" content=\"Estimeret l\u00e6setid\" \/>\n\t<meta name=\"twitter:data2\" content=\"3 minutter\" \/>\n<script type=\"application\/ld+json\" class=\"yoast-schema-graph\">{\"@context\":\"https:\\\/\\\/schema.org\",\"@graph\":[{\"@type\":\"Article\",\"@id\":\"https:\\\/\\\/promsandweddings.se\\\/aftonklanning-balklanning\\\/#article\",\"isPartOf\":{\"@id\":\"https:\\\/\\\/promsandweddings.se\\\/aftonklanning-balklanning\\\/\"},\"author\":{\"name\":\"Ayman\",\"@id\":\"https:\\\/\\\/promsandweddings.se\\\/#\\\/schema\\\/person\\\/6f151e5dea5eaeff16b07c5157504a41\"},\"headline\":\"Aftonkl\u00e4nning-balkl\u00e4nning\",\"datePublished\":\"2022-03-26T07:36:56+00:00\",\"dateModified\":\"2026-04-15T11:11:46+00:00\",\"mainEntityOfPage\":{\"@id\":\"https:\\\/\\\/promsandweddings.se\\\/aftonklanning-balklanning\\\/\"},\"wordCount\":461,\"publisher\":{\"@id\":\"https:\\\/\\\/promsandweddings.se\\\/#organization\"},\"image\":{\"@id\":\"https:\\\/\\\/promsandweddings.se\\\/aftonklanning-balklanning\\\/#primaryimage\"},\"thumbnailUrl\":\"https:\\\/\\\/promsandweddings.se\\\/wp-content\\\/uploads\\\/2022\\\/03\\\/1BB7A68A-37B0-4C93-A3E3-C3B241AF11EA-225x300.jpeg\",\"articleSection\":[\"Articles\"],\"inLanguage\":\"da-DK\"},{\"@type\":\"WebPage\",\"@id\":\"https:\\\/\\\/promsandweddings.se\\\/aftonklanning-balklanning\\\/\",\"url\":\"https:\\\/\\\/promsandweddings.se\\\/aftonklanning-balklanning\\\/\",\"name\":\"Aftonkl\u00e4nning-balkl\u00e4nning | Blogg | Proms and Weddings\",\"isPartOf\":{\"@id\":\"https:\\\/\\\/promsandweddings.se\\\/#website\"},\"primaryImageOfPage\":{\"@id\":\"https:\\\/\\\/promsandweddings.se\\\/aftonklanning-balklanning\\\/#primaryimage\"},\"image\":{\"@id\":\"https:\\\/\\\/promsandweddings.se\\\/aftonklanning-balklanning\\\/#primaryimage\"},\"thumbnailUrl\":\"https:\\\/\\\/promsandweddings.se\\\/wp-content\\\/uploads\\\/2022\\\/03\\\/1BB7A68A-37B0-4C93-A3E3-C3B241AF11EA-225x300.jpeg\",\"datePublished\":\"2022-03-26T07:36:56+00:00\",\"dateModified\":\"2026-04-15T11:11:46+00:00\",\"description\":\"Uppt\u00e4ck v\u00e5rt stora utbud av br\u00f6llopskl\u00e4nningar f\u00f6r din speciella dag. Bes\u00f6k Proms And Weddings i Malm\u00f6.\",\"breadcrumb\":{\"@id\":\"https:\\\/\\\/promsandweddings.se\\\/aftonklanning-balklanning\\\/#breadcrumb\"},\"inLanguage\":\"da-DK\",\"potentialAction\":[{\"@type\":\"ReadAction\",\"target\":[\"https:\\\/\\\/promsandweddings.se\\\/aftonklanning-balklanning\\\/\"]}]},{\"@type\":\"ImageObject\",\"inLanguage\":\"da-DK\",\"@id\":\"https:\\\/\\\/promsandweddings.se\\\/aftonklanning-balklanning\\\/#primaryimage\",\"url\":\"https:\\\/\\\/promsandweddings.se\\\/wp-content\\\/uploads\\\/2022\\\/03\\\/1BB7A68A-37B0-4C93-A3E3-C3B241AF11EA-225x300.jpeg\",\"contentUrl\":\"https:\\\/\\\/promsandweddings.se\\\/wp-content\\\/uploads\\\/2022\\\/03\\\/1BB7A68A-37B0-4C93-A3E3-C3B241AF11EA-225x300.jpeg\"},{\"@type\":\"BreadcrumbList\",\"@id\":\"https:\\\/\\\/promsandweddings.se\\\/aftonklanning-balklanning\\\/#breadcrumb\",\"itemListElement\":[{\"@type\":\"ListItem\",\"position\":1,\"name\":\"Home\",\"item\":\"https:\\\/\\\/promsandweddings.se\\\/\"},{\"@type\":\"ListItem\",\"position\":2,\"name\":\"Aftonkl\u00e4nning-balkl\u00e4nning\"}]},{\"@type\":\"WebSite\",\"@id\":\"https:\\\/\\\/promsandweddings.se\\\/#website\",\"url\":\"https:\\\/\\\/promsandweddings.se\\\/\",\"name\":\"Proms and Weddings\",\"description\":\"Hitta din dr\u00f6mkl\u00e4nning\",\"publisher\":{\"@id\":\"https:\\\/\\\/promsandweddings.se\\\/#organization\"},\"alternateName\":\"Proms & Weddings\",\"potentialAction\":[{\"@type\":\"SearchAction\",\"target\":{\"@type\":\"EntryPoint\",\"urlTemplate\":\"https:\\\/\\\/promsandweddings.se\\\/?s={search_term_string}\"},\"query-input\":{\"@type\":\"PropertyValueSpecification\",\"valueRequired\":true,\"valueName\":\"search_term_string\"}}],\"inLanguage\":\"da-DK\"},{\"@type\":\"Organization\",\"@id\":\"https:\\\/\\\/promsandweddings.se\\\/#organization\",\"name\":\"Proms & Weddings\",\"url\":\"https:\\\/\\\/promsandweddings.se\\\/\",\"logo\":{\"@type\":\"ImageObject\",\"inLanguage\":\"da-DK\",\"@id\":\"https:\\\/\\\/promsandweddings.se\\\/#\\\/schema\\\/logo\\\/image\\\/\",\"url\":\"https:\\\/\\\/promsandweddings.se\\\/wp-content\\\/uploads\\\/2026\\\/03\\\/pwlogosv-2-2.webp\",\"contentUrl\":\"https:\\\/\\\/promsandweddings.se\\\/wp-content\\\/uploads\\\/2026\\\/03\\\/pwlogosv-2-2.webp\",\"width\":556,\"height\":152,\"caption\":\"Proms & Weddings\"},\"image\":{\"@id\":\"https:\\\/\\\/promsandweddings.se\\\/#\\\/schema\\\/logo\\\/image\\\/\"},\"sameAs\":[\"https:\\\/\\\/www.facebook.com\\\/promsandweddings\",\"https:\\\/\\\/x.com\\\/PromsWeddings\",\"https:\\\/\\\/www.instagram.com\\\/promsandweddings\\\/\",\"https:\\\/\\\/www.youtube.com\\\/@promsandweddings\\\/shorts\",\"https:\\\/\\\/www.tiktok.com\\\/@promsandweddings\",\"https:\\\/\\\/se.pinterest.com\\\/promsandwedding\"]},{\"@type\":\"Person\",\"@id\":\"https:\\\/\\\/promsandweddings.se\\\/#\\\/schema\\\/person\\\/6f151e5dea5eaeff16b07c5157504a41\",\"name\":\"Ayman\",\"image\":{\"@type\":\"ImageObject\",\"inLanguage\":\"da-DK\",\"@id\":\"https:\\\/\\\/secure.gravatar.com\\\/avatar\\\/a8b2e88c50a4b068270e774e31c37b82d6d83dc15bf888bd456679d1ffc368b0?s=96&d=mm&r=g\",\"url\":\"https:\\\/\\\/secure.gravatar.com\\\/avatar\\\/a8b2e88c50a4b068270e774e31c37b82d6d83dc15bf888bd456679d1ffc368b0?s=96&d=mm&r=g\",\"contentUrl\":\"https:\\\/\\\/secure.gravatar.com\\\/avatar\\\/a8b2e88c50a4b068270e774e31c37b82d6d83dc15bf888bd456679d1ffc368b0?s=96&d=mm&r=g\",\"caption\":\"Ayman\"},\"url\":\"https:\\\/\\\/promsandweddings.se\\\/da\\\/author\\\/ayman\\\/\"}]}<\/script>\n<!-- \/ Yoast SEO plugin. -->","yoast_head_json":{"title":"Aftenkjole-balkjole | Blog | Proms and Weddings","description":"Opdag vores stort udvalg af bryllupskjoler til din s\u00e6rlige dag. Bes\u00f8g Proms And Weddings i Malm\u00f8.","robots":{"index":"index","follow":"follow","max-snippet":"max-snippet:-1","max-image-preview":"max-image-preview:large","max-video-preview":"max-video-preview:-1"},"canonical":"https:\/\/promsandweddings.se\/da\/aftonklanning-balklanning\/","og_locale":"da_DK","og_type":"article","og_title":"Aftonkl\u00e4nning-balkl\u00e4nning | Blogg | Proms and Weddings","og_description":"Uppt\u00e4ck v\u00e5rt stora utbud av br\u00f6llopskl\u00e4nningar f\u00f6r din speciella dag. Bes\u00f6k Proms And Weddings i Malm\u00f6.","og_url":"https:\/\/promsandweddings.se\/da\/aftonklanning-balklanning\/","og_site_name":"Proms and Weddings","article_publisher":"https:\/\/www.facebook.com\/promsandweddings","article_published_time":"2022-03-26T07:36:56+00:00","article_modified_time":"2026-04-15T11:11:46+00:00","og_image":[{"width":1920,"height":2560,"url":"https:\/\/promsandweddings.se\/wp-content\/uploads\/2022\/03\/1BB7A68A-37B0-4C93-A3E3-C3B241AF11EA-scaled-1.jpeg","type":"image\/jpeg"}],"author":"Ayman","twitter_card":"summary_large_image","twitter_creator":"@PromsWeddings","twitter_site":"@PromsWeddings","twitter_misc":{"Skrevet af":"Ayman","Estimeret l\u00e6setid":"3 minutter"},"schema":{"@context":"https:\/\/schema.org","@graph":[{"@type":"Article","@id":"https:\/\/promsandweddings.se\/aftonklanning-balklanning\/#article","isPartOf":{"@id":"https:\/\/promsandweddings.se\/aftonklanning-balklanning\/"},"author":{"name":"Ayman","@id":"https:\/\/promsandweddings.se\/#\/schema\/person\/6f151e5dea5eaeff16b07c5157504a41"},"headline":"Aftonkl\u00e4nning-balkl\u00e4nning","datePublished":"2022-03-26T07:36:56+00:00","dateModified":"2026-04-15T11:11:46+00:00","mainEntityOfPage":{"@id":"https:\/\/promsandweddings.se\/aftonklanning-balklanning\/"},"wordCount":461,"publisher":{"@id":"https:\/\/promsandweddings.se\/#organization"},"image":{"@id":"https:\/\/promsandweddings.se\/aftonklanning-balklanning\/#primaryimage"},"thumbnailUrl":"https:\/\/promsandweddings.se\/wp-content\/uploads\/2022\/03\/1BB7A68A-37B0-4C93-A3E3-C3B241AF11EA-225x300.jpeg","articleSection":["Articles"],"inLanguage":"da-DK"},{"@type":"WebPage","@id":"https:\/\/promsandweddings.se\/aftonklanning-balklanning\/","url":"https:\/\/promsandweddings.se\/aftonklanning-balklanning\/","name":"Aftenkjole-balkjole | Blog | Proms and Weddings","isPartOf":{"@id":"https:\/\/promsandweddings.se\/#website"},"primaryImageOfPage":{"@id":"https:\/\/promsandweddings.se\/aftonklanning-balklanning\/#primaryimage"},"image":{"@id":"https:\/\/promsandweddings.se\/aftonklanning-balklanning\/#primaryimage"},"thumbnailUrl":"https:\/\/promsandweddings.se\/wp-content\/uploads\/2022\/03\/1BB7A68A-37B0-4C93-A3E3-C3B241AF11EA-225x300.jpeg","datePublished":"2022-03-26T07:36:56+00:00","dateModified":"2026-04-15T11:11:46+00:00","description":"Opdag vores stort udvalg af bryllupskjoler til din s\u00e6rlige dag. Bes\u00f8g Proms And Weddings i Malm\u00f8.","breadcrumb":{"@id":"https:\/\/promsandweddings.se\/aftonklanning-balklanning\/#breadcrumb"},"inLanguage":"da-DK","potentialAction":[{"@type":"ReadAction","target":["https:\/\/promsandweddings.se\/aftonklanning-balklanning\/"]}]},{"@type":"ImageObject","inLanguage":"da-DK","@id":"https:\/\/promsandweddings.se\/aftonklanning-balklanning\/#primaryimage","url":"https:\/\/promsandweddings.se\/wp-content\/uploads\/2022\/03\/1BB7A68A-37B0-4C93-A3E3-C3B241AF11EA-225x300.jpeg","contentUrl":"https:\/\/promsandweddings.se\/wp-content\/uploads\/2022\/03\/1BB7A68A-37B0-4C93-A3E3-C3B241AF11EA-225x300.jpeg"},{"@type":"BreadcrumbList","@id":"https:\/\/promsandweddings.se\/aftonklanning-balklanning\/#breadcrumb","itemListElement":[{"@type":"ListItem","position":1,"name":"Home","item":"https:\/\/promsandweddings.se\/"},{"@type":"ListItem","position":2,"name":"Aftonkl\u00e4nning-balkl\u00e4nning"}]},{"@type":"WebSite","@id":"https:\/\/promsandweddings.se\/#website","url":"https:\/\/promsandweddings.se\/","name":"Proms and Weddings","description":"Find din dr\u00f8mmekjole","publisher":{"@id":"https:\/\/promsandweddings.se\/#organization"},"alternateName":"Proms & Weddings","potentialAction":[{"@type":"SearchAction","target":{"@type":"EntryPoint","urlTemplate":"https:\/\/promsandweddings.se\/?s={search_term_string}"},"query-input":{"@type":"PropertyValueSpecification","valueRequired":true,"valueName":"search_term_string"}}],"inLanguage":"da-DK"},{"@type":"Organization","@id":"https:\/\/promsandweddings.se\/#organization","name":"Proms &amp; Weddings","url":"https:\/\/promsandweddings.se\/","logo":{"@type":"ImageObject","inLanguage":"da-DK","@id":"https:\/\/promsandweddings.se\/#\/schema\/logo\/image\/","url":"https:\/\/promsandweddings.se\/wp-content\/uploads\/2026\/03\/pwlogosv-2-2.webp","contentUrl":"https:\/\/promsandweddings.se\/wp-content\/uploads\/2026\/03\/pwlogosv-2-2.webp","width":556,"height":152,"caption":"Proms & Weddings"},"image":{"@id":"https:\/\/promsandweddings.se\/#\/schema\/logo\/image\/"},"sameAs":["https:\/\/www.facebook.com\/promsandweddings","https:\/\/x.com\/PromsWeddings","https:\/\/www.instagram.com\/promsandweddings\/","https:\/\/www.youtube.com\/@promsandweddings\/shorts","https:\/\/www.tiktok.com\/@promsandweddings","https:\/\/se.pinterest.com\/promsandwedding"]},{"@type":"Person","@id":"https:\/\/promsandweddings.se\/#\/schema\/person\/6f151e5dea5eaeff16b07c5157504a41","name":"Ayman","image":{"@type":"ImageObject","inLanguage":"da-DK","@id":"https:\/\/secure.gravatar.com\/avatar\/a8b2e88c50a4b068270e774e31c37b82d6d83dc15bf888bd456679d1ffc368b0?s=96&d=mm&r=g","url":"https:\/\/secure.gravatar.com\/avatar\/a8b2e88c50a4b068270e774e31c37b82d6d83dc15bf888bd456679d1ffc368b0?s=96&d=mm&r=g","contentUrl":"https:\/\/secure.gravatar.com\/avatar\/a8b2e88c50a4b068270e774e31c37b82d6d83dc15bf888bd456679d1ffc368b0?s=96&d=mm&r=g","caption":"Ayman"},"url":"https:\/\/promsandweddings.se\/da\/author\/ayman\/"}]}},"jetpack_featured_media_url":"","jetpack_sharing_enabled":true,"_links":{"self":[{"href":"https:\/\/promsandweddings.se\/da\/wp-json\/wp\/v2\/posts\/17820","targetHints":{"allow":["GET"]}}],"collection":[{"href":"https:\/\/promsandweddings.se\/da\/wp-json\/wp\/v2\/posts"}],"about":[{"href":"https:\/\/promsandweddings.se\/da\/wp-json\/wp\/v2\/types\/post"}],"author":[{"embeddable":true,"href":"https:\/\/promsandweddings.se\/da\/wp-json\/wp\/v2\/users\/2"}],"replies":[{"embeddable":true,"href":"https:\/\/promsandweddings.se\/da\/wp-json\/wp\/v2\/comments?post=17820"}],"version-history":[{"count":3,"href":"https:\/\/promsandweddings.se\/da\/wp-json\/wp\/v2\/posts\/17820\/revisions"}],"predecessor-version":[{"id":30389,"href":"https:\/\/promsandweddings.se\/da\/wp-json\/wp\/v2\/posts\/17820\/revisions\/30389"}],"wp:attachment":[{"href":"https:\/\/promsandweddings.se\/da\/wp-json\/wp\/v2\/media?parent=17820"}],"wp:term":[{"taxonomy":"category","embeddable":true,"href":"https:\/\/promsandweddings.se\/da\/wp-json\/wp\/v2\/categories?post=17820"},{"taxonomy":"post_tag","embeddable":true,"href":"https:\/\/promsandweddings.se\/da\/wp-json\/wp\/v2\/tags?post=17820"}],"curies":[{"name":"wp","href":"https:\/\/api.w.org\/{rel}","templated":true}]}}