{"id":16743,"date":"2021-07-30T12:03:32","date_gmt":"2021-07-30T10:03:32","guid":{"rendered":"https:\/\/www.promsandweddings.se\/?p=16743"},"modified":"2026-04-15T11:30:45","modified_gmt":"2026-04-15T09:30:45","slug":"rosa-clara-kollektion","status":"publish","type":"post","link":"https:\/\/promsandweddings.se\/dk\/rosa-clara-kollektion\/","title":{"rendered":"Om Rosa Clar\u00e1s kollektion 2021\/2022"},"content":{"rendered":"\n<p>Rosa Clar\u00e1s kollektion 2021\/2022 har f\u00e5tt sin inspiration fr\u00e5n de moderna arkitekturen. I \u00e5r ligger deras fokus p\u00e5 &#8221;less is more&#8221; konceptet. I denna kollektionen kommer du hitta minimalistiska, symmetriska och enkla brudkl\u00e4nningar. Nedan finns det en l\u00e4nk till ett youtubeklipp d\u00e4r Rosa Clar\u00e1 visar deras kollektion fr\u00e5n Paris, London och Barcelona. Genom en stor variation av siluetter uppfyller dem varje bruds dr\u00f6m. Kort sagt har Rosa Clar\u00e1s nya kollektion 2021\/2022 allt du beh\u00f6ver!<\/p>\n\n\n\n<p><img decoding=\"async\" width=\"150\" height=\"188\" class=\"wp-image-16755\" style=\"width: 150px;\" src=\"https:\/\/promsandweddings.se\/wp-content\/uploads\/2021\/07\/rosa_clara-karl_lagerfeld-1x.jpg\" alt=\"rosa clara\"><em>Rosa Clar\u00e1<\/em> grundade sitt f\u00f6retag 1996 och \u00f6ppnade sin f\u00f6rsta butik i Paseo de Gracia, Barcelona. Hennes engagemang f\u00f6r h\u00f6gkvalitativa tyger och produktionstekniker har lett till att f\u00f6retaget nu har \u00f6ver 4000 f\u00f6rs\u00e4ljningsst\u00e4llen i mer \u00e4n 80 l\u00e4nder. Senare runt \u00e5r 2002 b\u00f6rjade hon ett nytt kapitel med sitt f\u00f6rsta samarbete med ikonen <em>Christian Lacroix<\/em>. Partnerskapet gjorde det m\u00f6jligt f\u00f6r Rosa Clar\u00e1 att skapa framg\u00e5ngsrika relationer med flera v\u00e4lk\u00e4nda designers. Exempelvis Karl Lagerfeld och Zuhair Murad, vilket blev ett avg\u00f6rande steg fram\u00e5t f\u00f6r f\u00f6retaget.<\/p>\n\n\n\n<p>Med sina egna kollektioner startade Rosa Clar\u00e1 &#8221;Valmont Barcelona Bridal Fashion Week&#8221;.<\/p>\n\n\n\n<p>Br\u00f6llopsmodevisningen \u00f6verraskade deltagarna totalt och detta introducerade hennes nya trender med att g\u00f6ra brudens dr\u00f6mmar till verklighet. <img decoding=\"async\" width=\"150\" height=\"162\" class=\"wp-image-16756\" style=\"width: 150px;\" src=\"https:\/\/promsandweddings.se\/wp-content\/uploads\/2021\/07\/antonella_roccuzzo-leo_messi-1x.jpg\" alt=\"\"> <img decoding=\"async\" width=\"150\" height=\"120\" class=\"wp-image-16758\" style=\"width: 150px;\" src=\"https:\/\/promsandweddings.se\/wp-content\/uploads\/2021\/07\/mery_perello-rafa_nadal-1x-2.jpg\" alt=\"\"><img loading=\"lazy\" decoding=\"async\" width=\"150\" height=\"168\" class=\"wp-image-16757\" style=\"width: 150px;\" src=\"https:\/\/promsandweddings.se\/wp-content\/uploads\/2021\/07\/marie_chevallier-louis_ducruet-1x.jpg\" alt=\"\"><\/p>\n\n\n\n<p><\/p>\n\n\n\n<p><\/p>\n\n\n\n<figure class=\"wp-block-image size-full\"><img loading=\"lazy\" decoding=\"async\" width=\"535\" height=\"669\" src=\"https:\/\/promsandweddings.se\/wp-content\/uploads\/2021\/07\/rosa_clara-couture_2021-elisenda-1x-b-1.jpg\" alt=\"\" class=\"wp-image-16746\" srcset=\"https:\/\/promsandweddings.se\/wp-content\/uploads\/2021\/07\/rosa_clara-couture_2021-elisenda-1x-b-1.jpg 535w, https:\/\/promsandweddings.se\/wp-content\/uploads\/2021\/07\/rosa_clara-couture_2021-elisenda-1x-b-1-400x500.jpg 400w, https:\/\/promsandweddings.se\/wp-content\/uploads\/2021\/07\/rosa_clara-couture_2021-elisenda-1x-b-1-367x459.jpg 367w\" sizes=\"(max-width: 535px) 100vw, 535px\" \/><figcaption class=\"wp-element-caption\">Fotografi tagen p\u00e5 en av Mies Van Der Rohe ikoniska arkitektur<\/figcaption><\/figure>\n\n\n\n<figure class=\"wp-block-image size-full\"><img loading=\"lazy\" decoding=\"async\" width=\"1000\" height=\"625\" src=\"https:\/\/promsandweddings.se\/wp-content\/uploads\/2021\/07\/rosa_clara-couture_2021-ellie-1x-1.jpg\" alt=\"\" class=\"wp-image-16747\" srcset=\"https:\/\/promsandweddings.se\/wp-content\/uploads\/2021\/07\/rosa_clara-couture_2021-ellie-1x-1.jpg 1000w, https:\/\/promsandweddings.se\/wp-content\/uploads\/2021\/07\/rosa_clara-couture_2021-ellie-1x-1-600x375.jpg 600w, https:\/\/promsandweddings.se\/wp-content\/uploads\/2021\/07\/rosa_clara-couture_2021-ellie-1x-1-768x480.jpg 768w, https:\/\/promsandweddings.se\/wp-content\/uploads\/2021\/07\/rosa_clara-couture_2021-ellie-1x-1-640x400.jpg 640w, https:\/\/promsandweddings.se\/wp-content\/uploads\/2021\/07\/rosa_clara-couture_2021-ellie-1x-1-400x250.jpg 400w, https:\/\/promsandweddings.se\/wp-content\/uploads\/2021\/07\/rosa_clara-couture_2021-ellie-1x-1-367x229.jpg 367w\" sizes=\"(max-width: 1000px) 100vw, 1000px\" \/><\/figure>\n\n\n\n<figure class=\"wp-block-embed is-type-video is-provider-youtube wp-block-embed-youtube wp-embed-aspect-16-9 wp-has-aspect-ratio\"><div class=\"wp-block-embed__wrapper\">\n<iframe title=\"Rosa Clar\u00e1 2021 Collection Campaign\" width=\"1140\" height=\"641\" src=\"https:\/\/www.youtube.com\/embed\/dS7B78Fn3bY?feature=oembed\" frameborder=\"0\" allow=\"accelerometer; autoplay; clipboard-write; encrypted-media; gyroscope; picture-in-picture\" allowfullscreen><\/iframe>\n<\/div><\/figure>\n\n\n\n<p><\/p>\n\n\n\n<p><p><a href=\"https:\/\/promsandweddings.se\/produkt-kategori\/klanningar\/brudklanningar\/rosa-clara\/\">https:\/\/promsandweddings.se\/produkt-kategori\/klanningar\/brudklanningar\/rosa-clara\/<\/a><\/p>\n<p>[author_box]<\/p><\/p>\n","protected":false},"excerpt":{"rendered":"<p>Rosa Clar\u00e1s kollektion 2021\/2022 har f\u00e5tt sin inspiration fr\u00e5n de moderna arkitekturen. I \u00e5r ligger deras fokus p\u00e5 &#8221;less is more&#8221; konceptet. I denna kollektionen kommer du hitta minimalistiska, symmetriska och enkla brudkl\u00e4nningar. Nedan finns det en l\u00e4nk till ett youtubeklipp d\u00e4r Rosa Clar\u00e1 visar deras kollektion fr\u00e5n Paris, London och Barcelona. Genom en stor [&hellip;]<\/p>\n","protected":false},"author":2,"featured_media":0,"comment_status":"closed","ping_status":"open","sticky":false,"template":"","format":"standard","meta":{"_jetpack_memberships_contains_paid_content":false,"footnotes":""},"categories":[532],"tags":[],"class_list":["post-16743","post","type-post","status-publish","format-standard","hentry","category-articles"],"featured_image_src":{"landsacpe":false,"list":false,"medium":false,"full":false},"yoast_head":"<!-- This site is optimized with the Yoast SEO plugin v27.4 - https:\/\/yoast.com\/product\/yoast-seo-wordpress\/ -->\n<title>Om Rosa Clar\u00e1s kollektion 2021\/2022 | Blogg | Proms and Weddings<\/title>\n<meta name=\"description\" content=\"Rosa Clar\u00e1s kollektion 2021\/2022 har f\u00e5tt sin inspiration fr\u00e5n de moderna arkitekturen. I \u00e5r ligger deras fokus p\u00e5 &quot;less is more&quot; konceptet.\" \/>\n<meta name=\"robots\" content=\"index, follow, max-snippet:-1, max-image-preview:large, max-video-preview:-1\" \/>\n<link rel=\"canonical\" href=\"https:\/\/promsandweddings.se\/dk\/rosa-clara-kollektion\/\" \/>\n<meta property=\"og:locale\" content=\"da_DK\" \/>\n<meta property=\"og:type\" content=\"article\" \/>\n<meta property=\"og:title\" content=\"Om Rosa Clar\u00e1s kollektion 2021\/2022 | Blogg | Proms and Weddings\" \/>\n<meta property=\"og:description\" content=\"Rosa Clar\u00e1s kollektion 2021\/2022 har f\u00e5tt sin inspiration fr\u00e5n de moderna arkitekturen. I \u00e5r ligger deras fokus p\u00e5 &quot;less is more&quot; konceptet.\" \/>\n<meta property=\"og:url\" content=\"https:\/\/promsandweddings.se\/dk\/rosa-clara-kollektion\/\" \/>\n<meta property=\"og:site_name\" content=\"Proms and Weddings\" \/>\n<meta property=\"article:publisher\" content=\"https:\/\/www.facebook.com\/promsandweddings\" \/>\n<meta property=\"article:published_time\" content=\"2021-07-30T10:03:32+00:00\" \/>\n<meta property=\"article:modified_time\" content=\"2026-04-15T09:30:45+00:00\" \/>\n<meta property=\"og:image\" content=\"https:\/\/promsandweddings.se\/wp-content\/uploads\/2021\/07\/rosa_clara-couture_2021-ellie-1x.jpg\" \/>\n\t<meta property=\"og:image:width\" content=\"1000\" \/>\n\t<meta property=\"og:image:height\" content=\"625\" \/>\n\t<meta property=\"og:image:type\" content=\"image\/jpeg\" \/>\n<meta name=\"author\" content=\"Ayman\" \/>\n<meta name=\"twitter:card\" content=\"summary_large_image\" \/>\n<meta name=\"twitter:creator\" content=\"@PromsWeddings\" \/>\n<meta name=\"twitter:site\" content=\"@PromsWeddings\" \/>\n<meta name=\"twitter:label1\" content=\"Skrevet af\" \/>\n\t<meta name=\"twitter:data1\" content=\"Ayman\" \/>\n\t<meta name=\"twitter:label2\" content=\"Estimeret l\u00e6setid\" \/>\n\t<meta name=\"twitter:data2\" content=\"3 minutter\" \/>\n<script type=\"application\/ld+json\" class=\"yoast-schema-graph\">{\"@context\":\"https:\\\/\\\/schema.org\",\"@graph\":[{\"@type\":\"Article\",\"@id\":\"https:\\\/\\\/promsandweddings.se\\\/rosa-clara-kollektion\\\/#article\",\"isPartOf\":{\"@id\":\"https:\\\/\\\/promsandweddings.se\\\/rosa-clara-kollektion\\\/\"},\"author\":{\"name\":\"Ayman\",\"@id\":\"https:\\\/\\\/promsandweddings.se\\\/#\\\/schema\\\/person\\\/6f151e5dea5eaeff16b07c5157504a41\"},\"headline\":\"Om Rosa Clar\u00e1s kollektion 2021\\\/2022\",\"datePublished\":\"2021-07-30T10:03:32+00:00\",\"dateModified\":\"2026-04-15T09:30:45+00:00\",\"mainEntityOfPage\":{\"@id\":\"https:\\\/\\\/promsandweddings.se\\\/rosa-clara-kollektion\\\/\"},\"wordCount\":249,\"publisher\":{\"@id\":\"https:\\\/\\\/promsandweddings.se\\\/#organization\"},\"image\":{\"@id\":\"https:\\\/\\\/promsandweddings.se\\\/rosa-clara-kollektion\\\/#primaryimage\"},\"thumbnailUrl\":\"https:\\\/\\\/promsandweddings.se\\\/wp-content\\\/uploads\\\/2021\\\/07\\\/rosa_clara-karl_lagerfeld-1x.jpg\",\"articleSection\":[\"Articles\"],\"inLanguage\":\"da-DK\"},{\"@type\":\"WebPage\",\"@id\":\"https:\\\/\\\/promsandweddings.se\\\/rosa-clara-kollektion\\\/\",\"url\":\"https:\\\/\\\/promsandweddings.se\\\/rosa-clara-kollektion\\\/\",\"name\":\"Om Rosa Clar\u00e1s kollektion 2021\\\/2022 | Blogg | Proms and Weddings\",\"isPartOf\":{\"@id\":\"https:\\\/\\\/promsandweddings.se\\\/#website\"},\"primaryImageOfPage\":{\"@id\":\"https:\\\/\\\/promsandweddings.se\\\/rosa-clara-kollektion\\\/#primaryimage\"},\"image\":{\"@id\":\"https:\\\/\\\/promsandweddings.se\\\/rosa-clara-kollektion\\\/#primaryimage\"},\"thumbnailUrl\":\"https:\\\/\\\/promsandweddings.se\\\/wp-content\\\/uploads\\\/2021\\\/07\\\/rosa_clara-karl_lagerfeld-1x.jpg\",\"datePublished\":\"2021-07-30T10:03:32+00:00\",\"dateModified\":\"2026-04-15T09:30:45+00:00\",\"description\":\"Rosa Clar\u00e1s kollektion 2021\\\/2022 har f\u00e5tt sin inspiration fr\u00e5n de moderna arkitekturen. I \u00e5r ligger deras fokus p\u00e5 \\\"less is more\\\" konceptet.\",\"breadcrumb\":{\"@id\":\"https:\\\/\\\/promsandweddings.se\\\/rosa-clara-kollektion\\\/#breadcrumb\"},\"inLanguage\":\"da-DK\",\"potentialAction\":[{\"@type\":\"ReadAction\",\"target\":[\"https:\\\/\\\/promsandweddings.se\\\/rosa-clara-kollektion\\\/\"]}]},{\"@type\":\"ImageObject\",\"inLanguage\":\"da-DK\",\"@id\":\"https:\\\/\\\/promsandweddings.se\\\/rosa-clara-kollektion\\\/#primaryimage\",\"url\":\"https:\\\/\\\/promsandweddings.se\\\/wp-content\\\/uploads\\\/2021\\\/07\\\/rosa_clara-karl_lagerfeld-1x.jpg\",\"contentUrl\":\"https:\\\/\\\/promsandweddings.se\\\/wp-content\\\/uploads\\\/2021\\\/07\\\/rosa_clara-karl_lagerfeld-1x.jpg\"},{\"@type\":\"BreadcrumbList\",\"@id\":\"https:\\\/\\\/promsandweddings.se\\\/rosa-clara-kollektion\\\/#breadcrumb\",\"itemListElement\":[{\"@type\":\"ListItem\",\"position\":1,\"name\":\"Home\",\"item\":\"https:\\\/\\\/promsandweddings.se\\\/\"},{\"@type\":\"ListItem\",\"position\":2,\"name\":\"Om Rosa Clar\u00e1s kollektion 2021\\\/2022\"}]},{\"@type\":\"WebSite\",\"@id\":\"https:\\\/\\\/promsandweddings.se\\\/#website\",\"url\":\"https:\\\/\\\/promsandweddings.se\\\/\",\"name\":\"Proms and Weddings\",\"description\":\"Hitta din dr\u00f6mkl\u00e4nning\",\"publisher\":{\"@id\":\"https:\\\/\\\/promsandweddings.se\\\/#organization\"},\"alternateName\":\"Proms & Weddings\",\"potentialAction\":[{\"@type\":\"SearchAction\",\"target\":{\"@type\":\"EntryPoint\",\"urlTemplate\":\"https:\\\/\\\/promsandweddings.se\\\/?s={search_term_string}\"},\"query-input\":{\"@type\":\"PropertyValueSpecification\",\"valueRequired\":true,\"valueName\":\"search_term_string\"}}],\"inLanguage\":\"da-DK\"},{\"@type\":\"Organization\",\"@id\":\"https:\\\/\\\/promsandweddings.se\\\/#organization\",\"name\":\"Proms & Weddings\",\"url\":\"https:\\\/\\\/promsandweddings.se\\\/\",\"logo\":{\"@type\":\"ImageObject\",\"inLanguage\":\"da-DK\",\"@id\":\"https:\\\/\\\/promsandweddings.se\\\/#\\\/schema\\\/logo\\\/image\\\/\",\"url\":\"https:\\\/\\\/promsandweddings.se\\\/wp-content\\\/uploads\\\/2026\\\/03\\\/pwlogosv-2-2.webp\",\"contentUrl\":\"https:\\\/\\\/promsandweddings.se\\\/wp-content\\\/uploads\\\/2026\\\/03\\\/pwlogosv-2-2.webp\",\"width\":556,\"height\":152,\"caption\":\"Proms & Weddings\"},\"image\":{\"@id\":\"https:\\\/\\\/promsandweddings.se\\\/#\\\/schema\\\/logo\\\/image\\\/\"},\"sameAs\":[\"https:\\\/\\\/www.facebook.com\\\/promsandweddings\",\"https:\\\/\\\/x.com\\\/PromsWeddings\",\"https:\\\/\\\/www.instagram.com\\\/promsandweddings\\\/\",\"https:\\\/\\\/www.youtube.com\\\/@promsandweddings\\\/shorts\",\"https:\\\/\\\/www.tiktok.com\\\/@promsandweddings\",\"https:\\\/\\\/se.pinterest.com\\\/promsandwedding\"]},{\"@type\":\"Person\",\"@id\":\"https:\\\/\\\/promsandweddings.se\\\/#\\\/schema\\\/person\\\/6f151e5dea5eaeff16b07c5157504a41\",\"name\":\"Ayman\",\"image\":{\"@type\":\"ImageObject\",\"inLanguage\":\"da-DK\",\"@id\":\"https:\\\/\\\/secure.gravatar.com\\\/avatar\\\/a8b2e88c50a4b068270e774e31c37b82d6d83dc15bf888bd456679d1ffc368b0?s=96&d=mm&r=g\",\"url\":\"https:\\\/\\\/secure.gravatar.com\\\/avatar\\\/a8b2e88c50a4b068270e774e31c37b82d6d83dc15bf888bd456679d1ffc368b0?s=96&d=mm&r=g\",\"contentUrl\":\"https:\\\/\\\/secure.gravatar.com\\\/avatar\\\/a8b2e88c50a4b068270e774e31c37b82d6d83dc15bf888bd456679d1ffc368b0?s=96&d=mm&r=g\",\"caption\":\"Ayman\"},\"url\":\"https:\\\/\\\/promsandweddings.se\\\/dk\\\/author\\\/ayman\\\/\"}]}<\/script>\n<!-- \/ Yoast SEO plugin. -->","yoast_head_json":{"title":"Om Rosa Clar\u00e1s kollektion 2021\/2022 | Blog | Proms and Weddings","description":"Rosa Clar\u00e1s kollektion 2021\/2022 har hentet sin inspiration fra moderne arkitektur. I \u00e5r ligger deres fokus p\u00e5 \"less is more\"-konceptet.","robots":{"index":"index","follow":"follow","max-snippet":"max-snippet:-1","max-image-preview":"max-image-preview:large","max-video-preview":"max-video-preview:-1"},"canonical":"https:\/\/promsandweddings.se\/dk\/rosa-clara-kollektion\/","og_locale":"da_DK","og_type":"article","og_title":"Om Rosa Clar\u00e1s kollektion 2021\/2022 | Blogg | Proms and Weddings","og_description":"Rosa Clar\u00e1s kollektion 2021\/2022 har f\u00e5tt sin inspiration fr\u00e5n de moderna arkitekturen. I \u00e5r ligger deras fokus p\u00e5 \"less is more\" konceptet.","og_url":"https:\/\/promsandweddings.se\/dk\/rosa-clara-kollektion\/","og_site_name":"Proms and Weddings","article_publisher":"https:\/\/www.facebook.com\/promsandweddings","article_published_time":"2021-07-30T10:03:32+00:00","article_modified_time":"2026-04-15T09:30:45+00:00","og_image":[{"width":1000,"height":625,"url":"https:\/\/promsandweddings.se\/wp-content\/uploads\/2021\/07\/rosa_clara-couture_2021-ellie-1x.jpg","type":"image\/jpeg"}],"author":"Ayman","twitter_card":"summary_large_image","twitter_creator":"@PromsWeddings","twitter_site":"@PromsWeddings","twitter_misc":{"Skrevet af":"Ayman","Estimeret l\u00e6setid":"3 minutter"},"schema":{"@context":"https:\/\/schema.org","@graph":[{"@type":"Article","@id":"https:\/\/promsandweddings.se\/rosa-clara-kollektion\/#article","isPartOf":{"@id":"https:\/\/promsandweddings.se\/rosa-clara-kollektion\/"},"author":{"name":"Ayman","@id":"https:\/\/promsandweddings.se\/#\/schema\/person\/6f151e5dea5eaeff16b07c5157504a41"},"headline":"Om Rosa Clar\u00e1s kollektion 2021\/2022","datePublished":"2021-07-30T10:03:32+00:00","dateModified":"2026-04-15T09:30:45+00:00","mainEntityOfPage":{"@id":"https:\/\/promsandweddings.se\/rosa-clara-kollektion\/"},"wordCount":249,"publisher":{"@id":"https:\/\/promsandweddings.se\/#organization"},"image":{"@id":"https:\/\/promsandweddings.se\/rosa-clara-kollektion\/#primaryimage"},"thumbnailUrl":"https:\/\/promsandweddings.se\/wp-content\/uploads\/2021\/07\/rosa_clara-karl_lagerfeld-1x.jpg","articleSection":["Articles"],"inLanguage":"da-DK"},{"@type":"WebPage","@id":"https:\/\/promsandweddings.se\/rosa-clara-kollektion\/","url":"https:\/\/promsandweddings.se\/rosa-clara-kollektion\/","name":"Om Rosa Clar\u00e1s kollektion 2021\/2022 | Blog | Proms and Weddings","isPartOf":{"@id":"https:\/\/promsandweddings.se\/#website"},"primaryImageOfPage":{"@id":"https:\/\/promsandweddings.se\/rosa-clara-kollektion\/#primaryimage"},"image":{"@id":"https:\/\/promsandweddings.se\/rosa-clara-kollektion\/#primaryimage"},"thumbnailUrl":"https:\/\/promsandweddings.se\/wp-content\/uploads\/2021\/07\/rosa_clara-karl_lagerfeld-1x.jpg","datePublished":"2021-07-30T10:03:32+00:00","dateModified":"2026-04-15T09:30:45+00:00","description":"Rosa Clar\u00e1s kollektion 2021\/2022 har hentet sin inspiration fra moderne arkitektur. I \u00e5r ligger deres fokus p\u00e5 \"less is more\"-konceptet.","breadcrumb":{"@id":"https:\/\/promsandweddings.se\/rosa-clara-kollektion\/#breadcrumb"},"inLanguage":"da-DK","potentialAction":[{"@type":"ReadAction","target":["https:\/\/promsandweddings.se\/rosa-clara-kollektion\/"]}]},{"@type":"ImageObject","inLanguage":"da-DK","@id":"https:\/\/promsandweddings.se\/rosa-clara-kollektion\/#primaryimage","url":"https:\/\/promsandweddings.se\/wp-content\/uploads\/2021\/07\/rosa_clara-karl_lagerfeld-1x.jpg","contentUrl":"https:\/\/promsandweddings.se\/wp-content\/uploads\/2021\/07\/rosa_clara-karl_lagerfeld-1x.jpg"},{"@type":"BreadcrumbList","@id":"https:\/\/promsandweddings.se\/rosa-clara-kollektion\/#breadcrumb","itemListElement":[{"@type":"ListItem","position":1,"name":"Home","item":"https:\/\/promsandweddings.se\/"},{"@type":"ListItem","position":2,"name":"Om Rosa Clar\u00e1s kollektion 2021\/2022"}]},{"@type":"WebSite","@id":"https:\/\/promsandweddings.se\/#website","url":"https:\/\/promsandweddings.se\/","name":"Proms and Weddings","description":"Find din dr\u00f8mmekjole","publisher":{"@id":"https:\/\/promsandweddings.se\/#organization"},"alternateName":"Proms & Weddings","potentialAction":[{"@type":"SearchAction","target":{"@type":"EntryPoint","urlTemplate":"https:\/\/promsandweddings.se\/?s={search_term_string}"},"query-input":{"@type":"PropertyValueSpecification","valueRequired":true,"valueName":"search_term_string"}}],"inLanguage":"da-DK"},{"@type":"Organization","@id":"https:\/\/promsandweddings.se\/#organization","name":"Proms &amp; Weddings","url":"https:\/\/promsandweddings.se\/","logo":{"@type":"ImageObject","inLanguage":"da-DK","@id":"https:\/\/promsandweddings.se\/#\/schema\/logo\/image\/","url":"https:\/\/promsandweddings.se\/wp-content\/uploads\/2026\/03\/pwlogosv-2-2.webp","contentUrl":"https:\/\/promsandweddings.se\/wp-content\/uploads\/2026\/03\/pwlogosv-2-2.webp","width":556,"height":152,"caption":"Proms & Weddings"},"image":{"@id":"https:\/\/promsandweddings.se\/#\/schema\/logo\/image\/"},"sameAs":["https:\/\/www.facebook.com\/promsandweddings","https:\/\/x.com\/PromsWeddings","https:\/\/www.instagram.com\/promsandweddings\/","https:\/\/www.youtube.com\/@promsandweddings\/shorts","https:\/\/www.tiktok.com\/@promsandweddings","https:\/\/se.pinterest.com\/promsandwedding"]},{"@type":"Person","@id":"https:\/\/promsandweddings.se\/#\/schema\/person\/6f151e5dea5eaeff16b07c5157504a41","name":"Ayman","image":{"@type":"ImageObject","inLanguage":"da-DK","@id":"https:\/\/secure.gravatar.com\/avatar\/a8b2e88c50a4b068270e774e31c37b82d6d83dc15bf888bd456679d1ffc368b0?s=96&d=mm&r=g","url":"https:\/\/secure.gravatar.com\/avatar\/a8b2e88c50a4b068270e774e31c37b82d6d83dc15bf888bd456679d1ffc368b0?s=96&d=mm&r=g","contentUrl":"https:\/\/secure.gravatar.com\/avatar\/a8b2e88c50a4b068270e774e31c37b82d6d83dc15bf888bd456679d1ffc368b0?s=96&d=mm&r=g","caption":"Ayman"},"url":"https:\/\/promsandweddings.se\/dk\/author\/ayman\/"}]}},"jetpack_featured_media_url":"","jetpack_sharing_enabled":true,"_links":{"self":[{"href":"https:\/\/promsandweddings.se\/dk\/wp-json\/wp\/v2\/posts\/16743","targetHints":{"allow":["GET"]}}],"collection":[{"href":"https:\/\/promsandweddings.se\/dk\/wp-json\/wp\/v2\/posts"}],"about":[{"href":"https:\/\/promsandweddings.se\/dk\/wp-json\/wp\/v2\/types\/post"}],"author":[{"embeddable":true,"href":"https:\/\/promsandweddings.se\/dk\/wp-json\/wp\/v2\/users\/2"}],"replies":[{"embeddable":true,"href":"https:\/\/promsandweddings.se\/dk\/wp-json\/wp\/v2\/comments?post=16743"}],"version-history":[{"count":2,"href":"https:\/\/promsandweddings.se\/dk\/wp-json\/wp\/v2\/posts\/16743\/revisions"}],"predecessor-version":[{"id":30352,"href":"https:\/\/promsandweddings.se\/dk\/wp-json\/wp\/v2\/posts\/16743\/revisions\/30352"}],"wp:attachment":[{"href":"https:\/\/promsandweddings.se\/dk\/wp-json\/wp\/v2\/media?parent=16743"}],"wp:term":[{"taxonomy":"category","embeddable":true,"href":"https:\/\/promsandweddings.se\/dk\/wp-json\/wp\/v2\/categories?post=16743"},{"taxonomy":"post_tag","embeddable":true,"href":"https:\/\/promsandweddings.se\/dk\/wp-json\/wp\/v2\/tags?post=16743"}],"curies":[{"name":"wp","href":"https:\/\/api.w.org\/{rel}","templated":true}]}}