{"id":24747,"date":"2023-07-06T12:26:40","date_gmt":"2023-07-06T10:26:40","guid":{"rendered":"https:\/\/www.promsandweddings.se\/?p=24747"},"modified":"2026-04-15T12:53:38","modified_gmt":"2026-04-15T10:53:38","slug":"harmoniskt-vackra-grona-balklanningar","status":"publish","type":"post","link":"https:\/\/promsandweddings.se\/dk\/harmoniskt-vackra-grona-balklanningar\/","title":{"rendered":"Harmonisk smukke gr\u00f8nne balkl\u00e6nninger"},"content":{"rendered":"<p>En gr\u00f6n <a href=\"https:\/\/promsandweddings.se\/produkt-kategori\/klanningar\/balklanning-hitta-dromklanningen-for-din-bal-afton\/\">balkl\u00e4nning<\/a> \u00e4r en symbol f\u00f6r fr\u00e4sch\u00f6r, naturlighet och harmoni. F\u00e4rgen gr\u00f6nt f\u00f6rknippas med naturen, v\u00e4xtlighet och liv, och att b\u00e4ra en gr\u00f6n balkl\u00e4nning kommer definitivt att ge en frisk och levande touch till din look p\u00e5 balen.<\/p>\n<p>Att v\u00e4lja en gr\u00f6n balkl\u00e4nning ger dig m\u00f6jlighet att uttrycka din unika stil och personlighet. Gr\u00f6nt kommer i en m\u00e4ngd olika nyanser, fr\u00e5n djupt smaragdgr\u00f6nt till mjukt pastellgr\u00f6nt, s\u00e5 du kan hitta den nyans som b\u00e4st kompletterar din hudton och passar din personliga stil.<\/p>\n<p>En l\u00e5ng, fl\u00f6dande gr\u00f6n balkl\u00e4nning kan ge en k\u00e4nsla av f\u00f6rtrollande elegans. T\u00e4nk dig en kl\u00e4nning med ett mjukt fallande tyg, smickrande drapering och kanske till och med en slits f\u00f6r att visa upp dina ben. Med r\u00e4tt accessoarer, som ett par silversmycken och enkla klackar, kan du skapa en look som \u00e4r sofistikerad och \u00e4nd\u00e5 avslappnad.<\/p>\n<p>Om du f\u00f6redrar en kortare kl\u00e4nning kan du v\u00e4lja en gr\u00f6n cocktailkl\u00e4nning med detaljer som spets, paljetter eller p\u00e4rlor f\u00f6r att ge den extra glamour. Kombinera den med ett par snygga sandaler eller klackar f\u00f6r en ungdomlig och festlig stil. Vi erbjuder l\u00e5nga balkl\u00e4nningar men har eminenta skr\u00e4ddare som kortar din kl\u00e4nning till \u00f6nskad l\u00e4ngd.<\/p>\n<p>Gr\u00f6n balkl\u00e4nning kan ocks\u00e5 vara ett utm\u00e4rkt val om du vill anamma en temaf\u00e4rg eller skapa en speciell atmosf\u00e4r f\u00f6r din bal. Till exempel, om din bal har en naturtema kan en gr\u00f6n balkl\u00e4nning med blomsterdetaljer eller l\u00f6vliknande m\u00f6nster vara perfekt. Om du vill ha en mer romantisk k\u00e4nsla kan du v\u00e4lja en pastellgr\u00f6n kl\u00e4nning med spets och volanger.<\/p>\n<p>N\u00e4r det g\u00e4ller smink och h\u00e5rdetaljer \u00e4r det b\u00e4st att h\u00e5lla det enkelt och naturligt n\u00e4r du b\u00e4r en gr\u00f6n balkl\u00e4nning. Du kan v\u00e4lja en fr\u00e4sch och ungdomlig makeup med naturliga nyanser av brunt och gr\u00f6nt, och ett par enkla \u00f6rh\u00e4ngen f\u00f6r att komplettera din look. En l\u00f6s eller halvuppsatt frisyr kan ge en mer avslappnad och bohemisk k\u00e4nsla till din outfit. H\u00e4r kan du \u00e4ven leka med din klackar, dessa kan var i en metallisk effekt f\u00f6r att bryta mot det lugna som en gr\u00f6n balkl\u00e4nning inger. De kan \u00e4ven med f\u00f6rdel vara enkla f\u00f6r att g\u00e5 i samma harmoniska k\u00e4nsla som din look.<\/p>\n<p>Sammanfattningsvis \u00e4r en gr\u00f6n balkl\u00e4nning ett fantastiskt val f\u00f6r en bal. Dess naturliga och fr\u00e4scha f\u00e4rg kommer att ge dig en k\u00e4nsla av livlighet och harmoni. Oavsett om du f\u00f6redrar en l\u00e5ng, elegant kl\u00e4nning eller en kort och festlig variant, kan du hitta en gr\u00f6n balkl\u00e4nning som passar din personliga stil och framh\u00e4ver din sk\u00f6nhet p\u00e5 b\u00e4sta m\u00f6jliga s\u00e4tt. S\u00e5 sl\u00e4pp l\u00f6s din kreativitet och l\u00e5t den gr\u00f6na balkl\u00e4nningen bli stj\u00e4rnan p\u00e5 din bal, och du kommer definitivt att bli en minnesv\u00e4rd n\u00e4rvaro p\u00e5 evenemanget.<\/p>\n<p>V\u00e4lkommen in till v\u00e5r butik d\u00e4r v\u00e5ra style advisors\u00a0 hj\u00e4lper dig att hitta just din gr\u00f6na balkl\u00e4nning. Vi hj\u00e4lper dig fr\u00e5n det att du \u00f6nskar hitta din kl\u00e4nning tills den \u00e4r f\u00e4rdigjusterad av en skr\u00e4ddare till just din kroppsform och smak. Drop-in f\u00f6r v\u00e5r festavdelning g\u00e4ller alla dagar vi har \u00f6ppet, s\u00e5 tveka in att kika f\u00f6rbi f\u00f6r att din vision till verklighet!<\/p>\n<p><img fetchpriority=\"high\" decoding=\"async\" class=\"alignnone size-medium wp-image-24483\" src=\"https:\/\/promsandweddings.se\/wp-content\/uploads\/2023\/05\/cd886_emerald_2-200x300.jpg\" alt=\"\" width=\"200\" height=\"300\" \/><img decoding=\"async\" class=\"alignnone size-medium wp-image-24457\" src=\"https:\/\/promsandweddings.se\/wp-content\/uploads\/2021\/06\/cv01_emerald__2-200x300.jpg\" alt=\"\" width=\"200\" height=\"300\" \/><img decoding=\"async\" class=\"alignnone size-medium wp-image-24233\" src=\"https:\/\/promsandweddings.se\/wp-content\/uploads\/2023\/05\/cd0168_2_13-200x300.jpg\" alt=\"\" width=\"200\" height=\"300\" \/><img loading=\"lazy\" decoding=\"async\" class=\"alignnone size-medium wp-image-23455\" src=\"https:\/\/promsandweddings.se\/wp-content\/uploads\/2023\/04\/ch111_emerald_2-200x300.jpg\" alt=\"\" width=\"200\" height=\"300\" \/><img loading=\"lazy\" decoding=\"async\" class=\"alignnone size-medium wp-image-24748\" src=\"https:\/\/promsandweddings.se\/wp-content\/uploads\/2023\/07\/sage-200x300.jpeg\" alt=\"\" width=\"200\" height=\"300\" \/><\/p>\n<p>[author_box]<\/p>\n","protected":false},"excerpt":{"rendered":"<p>En gr\u00f6n balkl\u00e4nning \u00e4r en symbol f\u00f6r fr\u00e4sch\u00f6r, naturlighet och harmoni. F\u00e4rgen gr\u00f6nt f\u00f6rknippas med naturen, v\u00e4xtlighet och liv, och att b\u00e4ra en gr\u00f6n balkl\u00e4nning kommer definitivt att ge en frisk och levande touch till din look p\u00e5 balen. Att v\u00e4lja en gr\u00f6n balkl\u00e4nning ger dig m\u00f6jlighet att uttrycka din unika stil och personlighet. Gr\u00f6nt [&hellip;]<\/p>\n","protected":false},"author":2,"featured_media":0,"comment_status":"closed","ping_status":"open","sticky":false,"template":"","format":"standard","meta":{"_jetpack_memberships_contains_paid_content":false,"footnotes":""},"categories":[532],"tags":[],"class_list":["post-24747","post","type-post","status-publish","format-standard","hentry","category-articles"],"featured_image_src":{"landsacpe":false,"list":false,"medium":false,"full":false},"yoast_head":"<!-- This site is optimized with the Yoast SEO plugin v27.4 - https:\/\/yoast.com\/product\/yoast-seo-wordpress\/ -->\n<title>Vackra gr\u00f6na balkl\u00e4nningar | Promsandweddings.se<\/title>\n<meta name=\"description\" content=\"Vackra gr\u00f6na balkl\u00e4nningar f\u00f6r aftonar och fest. Hitta dr\u00f6mkl\u00e4nningen hos oss! V\u00e4lkommen till Proms and Weddings.\" \/>\n<meta name=\"robots\" content=\"index, follow, max-snippet:-1, max-image-preview:large, max-video-preview:-1\" \/>\n<link rel=\"canonical\" href=\"https:\/\/promsandweddings.se\/dk\/harmoniskt-vackra-grona-balklanningar\/\" \/>\n<meta property=\"og:locale\" content=\"da_DK\" \/>\n<meta property=\"og:type\" content=\"article\" \/>\n<meta property=\"og:title\" content=\"Vackra gr\u00f6na balkl\u00e4nningar | Promsandweddings.se\" \/>\n<meta property=\"og:description\" content=\"Vackra gr\u00f6na balkl\u00e4nningar f\u00f6r aftonar och fest. Hitta dr\u00f6mkl\u00e4nningen hos oss! V\u00e4lkommen till Proms and Weddings.\" \/>\n<meta property=\"og:url\" content=\"https:\/\/promsandweddings.se\/dk\/harmoniskt-vackra-grona-balklanningar\/\" \/>\n<meta property=\"og:site_name\" content=\"Proms and Weddings\" \/>\n<meta property=\"article:publisher\" content=\"https:\/\/www.facebook.com\/promsandweddings\" \/>\n<meta property=\"article:published_time\" content=\"2023-07-06T10:26:40+00:00\" \/>\n<meta property=\"article:modified_time\" content=\"2026-04-15T10:53:38+00:00\" \/>\n<meta property=\"og:image\" content=\"https:\/\/promsandweddings.se\/wp-content\/uploads\/2026\/03\/cropped-logo-Black-512_Favicon.png\" \/>\n\t<meta property=\"og:image:width\" content=\"512\" \/>\n\t<meta property=\"og:image:height\" content=\"512\" \/>\n\t<meta property=\"og:image:type\" content=\"image\/png\" \/>\n<meta name=\"author\" content=\"Ayman\" \/>\n<meta name=\"twitter:card\" content=\"summary_large_image\" \/>\n<meta name=\"twitter:creator\" content=\"@PromsWeddings\" \/>\n<meta name=\"twitter:site\" content=\"@PromsWeddings\" \/>\n<meta name=\"twitter:label1\" content=\"Skrevet af\" \/>\n\t<meta name=\"twitter:data1\" content=\"Ayman\" \/>\n\t<meta name=\"twitter:label2\" content=\"Estimeret l\u00e6setid\" \/>\n\t<meta name=\"twitter:data2\" content=\"3 minutter\" \/>\n<script type=\"application\/ld+json\" class=\"yoast-schema-graph\">{\"@context\":\"https:\\\/\\\/schema.org\",\"@graph\":[{\"@type\":\"Article\",\"@id\":\"https:\\\/\\\/promsandweddings.se\\\/harmoniskt-vackra-grona-balklanningar\\\/#article\",\"isPartOf\":{\"@id\":\"https:\\\/\\\/promsandweddings.se\\\/harmoniskt-vackra-grona-balklanningar\\\/\"},\"author\":{\"name\":\"Ayman\",\"@id\":\"https:\\\/\\\/promsandweddings.se\\\/#\\\/schema\\\/person\\\/6f151e5dea5eaeff16b07c5157504a41\"},\"headline\":\"Harmoniskt vackra gr\u00f6na balkl\u00e4nningar\",\"datePublished\":\"2023-07-06T10:26:40+00:00\",\"dateModified\":\"2026-04-15T10:53:38+00:00\",\"mainEntityOfPage\":{\"@id\":\"https:\\\/\\\/promsandweddings.se\\\/harmoniskt-vackra-grona-balklanningar\\\/\"},\"wordCount\":638,\"publisher\":{\"@id\":\"https:\\\/\\\/promsandweddings.se\\\/#organization\"},\"image\":{\"@id\":\"https:\\\/\\\/promsandweddings.se\\\/harmoniskt-vackra-grona-balklanningar\\\/#primaryimage\"},\"thumbnailUrl\":\"https:\\\/\\\/promsandweddings.se\\\/wp-content\\\/uploads\\\/2023\\\/05\\\/cd886_emerald_2-200x300.jpg\",\"articleSection\":[\"Articles\"],\"inLanguage\":\"da-DK\"},{\"@type\":\"WebPage\",\"@id\":\"https:\\\/\\\/promsandweddings.se\\\/harmoniskt-vackra-grona-balklanningar\\\/\",\"url\":\"https:\\\/\\\/promsandweddings.se\\\/harmoniskt-vackra-grona-balklanningar\\\/\",\"name\":\"Vackra gr\u00f6na balkl\u00e4nningar | Promsandweddings.se\",\"isPartOf\":{\"@id\":\"https:\\\/\\\/promsandweddings.se\\\/#website\"},\"primaryImageOfPage\":{\"@id\":\"https:\\\/\\\/promsandweddings.se\\\/harmoniskt-vackra-grona-balklanningar\\\/#primaryimage\"},\"image\":{\"@id\":\"https:\\\/\\\/promsandweddings.se\\\/harmoniskt-vackra-grona-balklanningar\\\/#primaryimage\"},\"thumbnailUrl\":\"https:\\\/\\\/promsandweddings.se\\\/wp-content\\\/uploads\\\/2023\\\/05\\\/cd886_emerald_2-200x300.jpg\",\"datePublished\":\"2023-07-06T10:26:40+00:00\",\"dateModified\":\"2026-04-15T10:53:38+00:00\",\"description\":\"Vackra gr\u00f6na balkl\u00e4nningar f\u00f6r aftonar och fest. Hitta dr\u00f6mkl\u00e4nningen hos oss! V\u00e4lkommen till Proms and Weddings.\",\"breadcrumb\":{\"@id\":\"https:\\\/\\\/promsandweddings.se\\\/harmoniskt-vackra-grona-balklanningar\\\/#breadcrumb\"},\"inLanguage\":\"da-DK\",\"potentialAction\":[{\"@type\":\"ReadAction\",\"target\":[\"https:\\\/\\\/promsandweddings.se\\\/harmoniskt-vackra-grona-balklanningar\\\/\"]}]},{\"@type\":\"ImageObject\",\"inLanguage\":\"da-DK\",\"@id\":\"https:\\\/\\\/promsandweddings.se\\\/harmoniskt-vackra-grona-balklanningar\\\/#primaryimage\",\"url\":\"https:\\\/\\\/promsandweddings.se\\\/wp-content\\\/uploads\\\/2023\\\/05\\\/cd886_emerald_2-200x300.jpg\",\"contentUrl\":\"https:\\\/\\\/promsandweddings.se\\\/wp-content\\\/uploads\\\/2023\\\/05\\\/cd886_emerald_2-200x300.jpg\"},{\"@type\":\"BreadcrumbList\",\"@id\":\"https:\\\/\\\/promsandweddings.se\\\/harmoniskt-vackra-grona-balklanningar\\\/#breadcrumb\",\"itemListElement\":[{\"@type\":\"ListItem\",\"position\":1,\"name\":\"Home\",\"item\":\"https:\\\/\\\/promsandweddings.se\\\/\"},{\"@type\":\"ListItem\",\"position\":2,\"name\":\"Harmoniskt vackra gr\u00f6na balkl\u00e4nningar\"}]},{\"@type\":\"WebSite\",\"@id\":\"https:\\\/\\\/promsandweddings.se\\\/#website\",\"url\":\"https:\\\/\\\/promsandweddings.se\\\/\",\"name\":\"Proms and Weddings\",\"description\":\"Hitta din dr\u00f6mkl\u00e4nning\",\"publisher\":{\"@id\":\"https:\\\/\\\/promsandweddings.se\\\/#organization\"},\"alternateName\":\"Proms & Weddings\",\"potentialAction\":[{\"@type\":\"SearchAction\",\"target\":{\"@type\":\"EntryPoint\",\"urlTemplate\":\"https:\\\/\\\/promsandweddings.se\\\/?s={search_term_string}\"},\"query-input\":{\"@type\":\"PropertyValueSpecification\",\"valueRequired\":true,\"valueName\":\"search_term_string\"}}],\"inLanguage\":\"da-DK\"},{\"@type\":\"Organization\",\"@id\":\"https:\\\/\\\/promsandweddings.se\\\/#organization\",\"name\":\"Proms & Weddings\",\"url\":\"https:\\\/\\\/promsandweddings.se\\\/\",\"logo\":{\"@type\":\"ImageObject\",\"inLanguage\":\"da-DK\",\"@id\":\"https:\\\/\\\/promsandweddings.se\\\/#\\\/schema\\\/logo\\\/image\\\/\",\"url\":\"https:\\\/\\\/promsandweddings.se\\\/wp-content\\\/uploads\\\/2026\\\/03\\\/pwlogosv-2-2.webp\",\"contentUrl\":\"https:\\\/\\\/promsandweddings.se\\\/wp-content\\\/uploads\\\/2026\\\/03\\\/pwlogosv-2-2.webp\",\"width\":556,\"height\":152,\"caption\":\"Proms & Weddings\"},\"image\":{\"@id\":\"https:\\\/\\\/promsandweddings.se\\\/#\\\/schema\\\/logo\\\/image\\\/\"},\"sameAs\":[\"https:\\\/\\\/www.facebook.com\\\/promsandweddings\",\"https:\\\/\\\/x.com\\\/PromsWeddings\",\"https:\\\/\\\/www.instagram.com\\\/promsandweddings\\\/\",\"https:\\\/\\\/www.youtube.com\\\/@promsandweddings\\\/shorts\",\"https:\\\/\\\/www.tiktok.com\\\/@promsandweddings\",\"https:\\\/\\\/se.pinterest.com\\\/promsandwedding\"]},{\"@type\":\"Person\",\"@id\":\"https:\\\/\\\/promsandweddings.se\\\/#\\\/schema\\\/person\\\/6f151e5dea5eaeff16b07c5157504a41\",\"name\":\"Ayman\",\"image\":{\"@type\":\"ImageObject\",\"inLanguage\":\"da-DK\",\"@id\":\"https:\\\/\\\/secure.gravatar.com\\\/avatar\\\/a8b2e88c50a4b068270e774e31c37b82d6d83dc15bf888bd456679d1ffc368b0?s=96&d=mm&r=g\",\"url\":\"https:\\\/\\\/secure.gravatar.com\\\/avatar\\\/a8b2e88c50a4b068270e774e31c37b82d6d83dc15bf888bd456679d1ffc368b0?s=96&d=mm&r=g\",\"contentUrl\":\"https:\\\/\\\/secure.gravatar.com\\\/avatar\\\/a8b2e88c50a4b068270e774e31c37b82d6d83dc15bf888bd456679d1ffc368b0?s=96&d=mm&r=g\",\"caption\":\"Ayman\"},\"url\":\"https:\\\/\\\/promsandweddings.se\\\/dk\\\/author\\\/ayman\\\/\"}]}<\/script>\n<!-- \/ Yoast SEO plugin. -->","yoast_head_json":{"title":"Smukke gr\u00f8nne balkl\u00e6nninger | Promsandweddings.se","description":"Smukke gr\u00f8nne balkl\u00e6nninger til aftener og fester. Find dr\u00f8mkjolen hos os! Velkommen til Proms and Weddings.","robots":{"index":"index","follow":"follow","max-snippet":"max-snippet:-1","max-image-preview":"max-image-preview:large","max-video-preview":"max-video-preview:-1"},"canonical":"https:\/\/promsandweddings.se\/dk\/harmoniskt-vackra-grona-balklanningar\/","og_locale":"da_DK","og_type":"article","og_title":"Vackra gr\u00f6na balkl\u00e4nningar | Promsandweddings.se","og_description":"Vackra gr\u00f6na balkl\u00e4nningar f\u00f6r aftonar och fest. Hitta dr\u00f6mkl\u00e4nningen hos oss! V\u00e4lkommen till Proms and Weddings.","og_url":"https:\/\/promsandweddings.se\/dk\/harmoniskt-vackra-grona-balklanningar\/","og_site_name":"Proms and Weddings","article_publisher":"https:\/\/www.facebook.com\/promsandweddings","article_published_time":"2023-07-06T10:26:40+00:00","article_modified_time":"2026-04-15T10:53:38+00:00","og_image":[{"width":512,"height":512,"url":"https:\/\/promsandweddings.se\/wp-content\/uploads\/2026\/03\/cropped-logo-Black-512_Favicon.png","type":"image\/png"}],"author":"Ayman","twitter_card":"summary_large_image","twitter_creator":"@PromsWeddings","twitter_site":"@PromsWeddings","twitter_misc":{"Skrevet af":"Ayman","Estimeret l\u00e6setid":"3 minutter"},"schema":{"@context":"https:\/\/schema.org","@graph":[{"@type":"Article","@id":"https:\/\/promsandweddings.se\/harmoniskt-vackra-grona-balklanningar\/#article","isPartOf":{"@id":"https:\/\/promsandweddings.se\/harmoniskt-vackra-grona-balklanningar\/"},"author":{"name":"Ayman","@id":"https:\/\/promsandweddings.se\/#\/schema\/person\/6f151e5dea5eaeff16b07c5157504a41"},"headline":"Harmoniskt vackra gr\u00f6na balkl\u00e4nningar","datePublished":"2023-07-06T10:26:40+00:00","dateModified":"2026-04-15T10:53:38+00:00","mainEntityOfPage":{"@id":"https:\/\/promsandweddings.se\/harmoniskt-vackra-grona-balklanningar\/"},"wordCount":638,"publisher":{"@id":"https:\/\/promsandweddings.se\/#organization"},"image":{"@id":"https:\/\/promsandweddings.se\/harmoniskt-vackra-grona-balklanningar\/#primaryimage"},"thumbnailUrl":"https:\/\/promsandweddings.se\/wp-content\/uploads\/2023\/05\/cd886_emerald_2-200x300.jpg","articleSection":["Articles"],"inLanguage":"da-DK"},{"@type":"WebPage","@id":"https:\/\/promsandweddings.se\/harmoniskt-vackra-grona-balklanningar\/","url":"https:\/\/promsandweddings.se\/harmoniskt-vackra-grona-balklanningar\/","name":"Smukke gr\u00f8nne balkl\u00e6nninger | Promsandweddings.se","isPartOf":{"@id":"https:\/\/promsandweddings.se\/#website"},"primaryImageOfPage":{"@id":"https:\/\/promsandweddings.se\/harmoniskt-vackra-grona-balklanningar\/#primaryimage"},"image":{"@id":"https:\/\/promsandweddings.se\/harmoniskt-vackra-grona-balklanningar\/#primaryimage"},"thumbnailUrl":"https:\/\/promsandweddings.se\/wp-content\/uploads\/2023\/05\/cd886_emerald_2-200x300.jpg","datePublished":"2023-07-06T10:26:40+00:00","dateModified":"2026-04-15T10:53:38+00:00","description":"Smukke gr\u00f8nne balkl\u00e6nninger til aftener og fester. Find dr\u00f8mkjolen hos os! Velkommen til Proms and Weddings.","breadcrumb":{"@id":"https:\/\/promsandweddings.se\/harmoniskt-vackra-grona-balklanningar\/#breadcrumb"},"inLanguage":"da-DK","potentialAction":[{"@type":"ReadAction","target":["https:\/\/promsandweddings.se\/harmoniskt-vackra-grona-balklanningar\/"]}]},{"@type":"ImageObject","inLanguage":"da-DK","@id":"https:\/\/promsandweddings.se\/harmoniskt-vackra-grona-balklanningar\/#primaryimage","url":"https:\/\/promsandweddings.se\/wp-content\/uploads\/2023\/05\/cd886_emerald_2-200x300.jpg","contentUrl":"https:\/\/promsandweddings.se\/wp-content\/uploads\/2023\/05\/cd886_emerald_2-200x300.jpg"},{"@type":"BreadcrumbList","@id":"https:\/\/promsandweddings.se\/harmoniskt-vackra-grona-balklanningar\/#breadcrumb","itemListElement":[{"@type":"ListItem","position":1,"name":"Home","item":"https:\/\/promsandweddings.se\/"},{"@type":"ListItem","position":2,"name":"Harmoniskt vackra gr\u00f6na balkl\u00e4nningar"}]},{"@type":"WebSite","@id":"https:\/\/promsandweddings.se\/#website","url":"https:\/\/promsandweddings.se\/","name":"Proms and Weddings","description":"Find din dr\u00f8mmekjole","publisher":{"@id":"https:\/\/promsandweddings.se\/#organization"},"alternateName":"Proms & Weddings","potentialAction":[{"@type":"SearchAction","target":{"@type":"EntryPoint","urlTemplate":"https:\/\/promsandweddings.se\/?s={search_term_string}"},"query-input":{"@type":"PropertyValueSpecification","valueRequired":true,"valueName":"search_term_string"}}],"inLanguage":"da-DK"},{"@type":"Organization","@id":"https:\/\/promsandweddings.se\/#organization","name":"Proms &amp; Weddings","url":"https:\/\/promsandweddings.se\/","logo":{"@type":"ImageObject","inLanguage":"da-DK","@id":"https:\/\/promsandweddings.se\/#\/schema\/logo\/image\/","url":"https:\/\/promsandweddings.se\/wp-content\/uploads\/2026\/03\/pwlogosv-2-2.webp","contentUrl":"https:\/\/promsandweddings.se\/wp-content\/uploads\/2026\/03\/pwlogosv-2-2.webp","width":556,"height":152,"caption":"Proms & Weddings"},"image":{"@id":"https:\/\/promsandweddings.se\/#\/schema\/logo\/image\/"},"sameAs":["https:\/\/www.facebook.com\/promsandweddings","https:\/\/x.com\/PromsWeddings","https:\/\/www.instagram.com\/promsandweddings\/","https:\/\/www.youtube.com\/@promsandweddings\/shorts","https:\/\/www.tiktok.com\/@promsandweddings","https:\/\/se.pinterest.com\/promsandwedding"]},{"@type":"Person","@id":"https:\/\/promsandweddings.se\/#\/schema\/person\/6f151e5dea5eaeff16b07c5157504a41","name":"Ayman","image":{"@type":"ImageObject","inLanguage":"da-DK","@id":"https:\/\/secure.gravatar.com\/avatar\/a8b2e88c50a4b068270e774e31c37b82d6d83dc15bf888bd456679d1ffc368b0?s=96&d=mm&r=g","url":"https:\/\/secure.gravatar.com\/avatar\/a8b2e88c50a4b068270e774e31c37b82d6d83dc15bf888bd456679d1ffc368b0?s=96&d=mm&r=g","contentUrl":"https:\/\/secure.gravatar.com\/avatar\/a8b2e88c50a4b068270e774e31c37b82d6d83dc15bf888bd456679d1ffc368b0?s=96&d=mm&r=g","caption":"Ayman"},"url":"https:\/\/promsandweddings.se\/dk\/author\/ayman\/"}]}},"jetpack_featured_media_url":"","jetpack_sharing_enabled":true,"_links":{"self":[{"href":"https:\/\/promsandweddings.se\/dk\/wp-json\/wp\/v2\/posts\/24747","targetHints":{"allow":["GET"]}}],"collection":[{"href":"https:\/\/promsandweddings.se\/dk\/wp-json\/wp\/v2\/posts"}],"about":[{"href":"https:\/\/promsandweddings.se\/dk\/wp-json\/wp\/v2\/types\/post"}],"author":[{"embeddable":true,"href":"https:\/\/promsandweddings.se\/dk\/wp-json\/wp\/v2\/users\/2"}],"replies":[{"embeddable":true,"href":"https:\/\/promsandweddings.se\/dk\/wp-json\/wp\/v2\/comments?post=24747"}],"version-history":[{"count":1,"href":"https:\/\/promsandweddings.se\/dk\/wp-json\/wp\/v2\/posts\/24747\/revisions"}],"predecessor-version":[{"id":30376,"href":"https:\/\/promsandweddings.se\/dk\/wp-json\/wp\/v2\/posts\/24747\/revisions\/30376"}],"wp:attachment":[{"href":"https:\/\/promsandweddings.se\/dk\/wp-json\/wp\/v2\/media?parent=24747"}],"wp:term":[{"taxonomy":"category","embeddable":true,"href":"https:\/\/promsandweddings.se\/dk\/wp-json\/wp\/v2\/categories?post=24747"},{"taxonomy":"post_tag","embeddable":true,"href":"https:\/\/promsandweddings.se\/dk\/wp-json\/wp\/v2\/tags?post=24747"}],"curies":[{"name":"wp","href":"https:\/\/api.w.org\/{rel}","templated":true}]}}